{"id":9991,"date":"2023-03-16T08:00:10","date_gmt":"2023-03-16T11:00:10","guid":{"rendered":"https:\/\/www.visionweb.com.ar\/?p=9991"},"modified":"2023-03-15T17:57:25","modified_gmt":"2023-03-15T20:57:25","slug":"estudiantes-de-periodismo-visitaron-expoagro-por-primera-vez","status":"publish","type":"post","link":"https:\/\/www.visionweb.com.ar\/?p=9991","title":{"rendered":"Estudiantes de Periodismo visitaron Expoagro por primera vez"},"content":{"rendered":"<p><strong><em>La visita se concret\u00f3 en el marco de un Proyecto de Extensi\u00f3n de la Asociaci\u00f3n de Periodistas Agroalimentarios de Caba.<\/em><\/strong><!--more--><\/p>\n<p><img loading=\"lazy\" decoding=\"async\" class=\"size-medium wp-image-9992 alignleft\" src=\"https:\/\/www.visionweb.com.ar\/wp-content\/uploads\/2023\/03\/ESTUDIANTES-DE-PERIODISMO-300x225.png\" alt=\"\" width=\"300\" height=\"225\" srcset=\"https:\/\/www.visionweb.com.ar\/wp-content\/uploads\/2023\/03\/ESTUDIANTES-DE-PERIODISMO-300x225.png 300w, https:\/\/www.visionweb.com.ar\/wp-content\/uploads\/2023\/03\/ESTUDIANTES-DE-PERIODISMO-768x576.png 768w, https:\/\/www.visionweb.com.ar\/wp-content\/uploads\/2023\/03\/ESTUDIANTES-DE-PERIODISMO-320x240.png 320w, https:\/\/www.visionweb.com.ar\/wp-content\/uploads\/2023\/03\/ESTUDIANTES-DE-PERIODISMO.png 1024w\" sizes=\"auto, (max-width: 300px) 100vw, 300px\" \/>\u00a0<strong>E<\/strong>studiantes del Taller Escuela Agencia (TEA) y de la Licenciatura en Periodismo de la Universidad Nacional de Avellaneda (UNDAV), recorrieron por primera vez Expoagro edici\u00f3n YPF 2023 y, conocieron en vivo y en directo el desarrollo argentino en el sector agroindustrial.<\/p>\n<p>Los j\u00f3venes llegaron a la principal feria agropecuaria a cielo abierto en el marco del Programa de Extensi\u00f3n que lleva adelante la <span style=\"color: #339966;\"><strong>Asociaci\u00f3n de Periodistas Agroalimentarios de la ciudad de Buenos Aires, \u2018La Porte\u00f1a<\/strong><\/span>\u2019, desde la cual se explic\u00f3 que la acci\u00f3n busca \u201cmejorar el grado de percepci\u00f3n e imagen que tiene la sociedad respecto de \u2018el campo y sus protagonistas\u2019 y sobre los diferentes roles de cada eslab\u00f3n de las cadenas agroalimentarias\u201d, aclar\u00f3 Gabriel Qu\u00e1izel, presidente de la instituci\u00f3n.<\/p>\n<p>\u201cExpoagro es un punto representativo, de inter\u00e9s espec\u00edfico, para mostrar a j\u00f3venes urbanos la actualidad, la proyecci\u00f3n, el desarrollo tecnol\u00f3gico y la creciente preocupaci\u00f3n por la sustentabilidad de todo el sector\u201d, explic\u00f3 Patricia Turiani, secretaria de Comisi\u00f3n Directiva de La Porte\u00f1a y motor de la movida junto al periodista y socio Walter \u2018El Pampa\u2019 Garc\u00eda.<\/p>\n<p>La visita se inici\u00f3 en la Carpa de Prensa, donde la comitiva encabezada fue recibida por sus responsables, Diego Abdo y Eliana Esnaola. Luego el recorrido fue programado en \u20184 estaciones\u2019:<\/p>\n<p>\u2013<strong>Rol del Estado<\/strong>, con visita al stand de la Secretar\u00eda de Agricultura, Ganader\u00eda y Pesca de la Naci\u00f3n donde se contactaron con t\u00e9cnicos del INTA, Senasa, Inase, INV y el Inym.<\/p>\n<p>\u2013<strong>Sistemas de Producci\u00f3n<\/strong>, en la cual los estudiantes charlaron con productores de Aapresid, CREA, Coninagro y la Asociaci\u00f3n de Criadores de Limousin, junto a t\u00e9cnicos de Fertilizar Asociaci\u00f3n Civil<img loading=\"lazy\" decoding=\"async\" class=\"size-medium wp-image-9993 alignright\" src=\"https:\/\/www.visionweb.com.ar\/wp-content\/uploads\/2023\/03\/ESTUDIANTES-DE-PERIODISMO-EN-FERTILIZAR-300x225.png\" alt=\"\" width=\"300\" height=\"225\" srcset=\"https:\/\/www.visionweb.com.ar\/wp-content\/uploads\/2023\/03\/ESTUDIANTES-DE-PERIODISMO-EN-FERTILIZAR-300x225.png 300w, https:\/\/www.visionweb.com.ar\/wp-content\/uploads\/2023\/03\/ESTUDIANTES-DE-PERIODISMO-EN-FERTILIZAR-320x240.png 320w, https:\/\/www.visionweb.com.ar\/wp-content\/uploads\/2023\/03\/ESTUDIANTES-DE-PERIODISMO-EN-FERTILIZAR.png 448w\" sizes=\"auto, (max-width: 300px) 100vw, 300px\" \/>\u00a0<em>(\u00e9sta foto)<\/em>.<\/p>\n<p>\u2013<strong>Maquinaria y Agtech,<\/strong>\u00a0a cargo de t\u00e9cnicos de Mainero, Case IH e INTA.<\/p>\n<p>\u2013<strong>Comercializaci\u00f3n<\/strong>, donde se contactaron con analistas de la Bolsa de Cereales de Buenos Aires y de la Bolsa de Comercio de Rosario.<\/p>\n<p>Para Facundo Cabrera, estudiante de Periodismo de 2do. a\u00f1o en TEA, \u201cExpoagro fue una experiencia que super\u00f3 las expectativas. Estoy muy contento de haber participado y espero continuar acerc\u00e1ndome al periodismo agropecuario y participar de este tipo de muestras\u201d.<\/p>\n<p>En una l\u00ednea relacionada a lo ambiental, Luciana Mina, tambi\u00e9n de TEA, dijo que \u201cdespu\u00e9s de haber conversado con productores, inversores y referentes de maquinaria me llevo la impresi\u00f3n de que hay un inter\u00e9s creciente en torno a la sustentabilidad de la agroproducci\u00f3n, lo que no quita que todav\u00eda falta para incorporar una salida alternativa al uso de agroqu\u00edmicos, que es un paso que a\u00fan no se discute en estos eventos\u201d.<\/p>\n<p>Asimismo, los alumnos de UNDAV fueron entrevistados por diferentes medios radiales presentes en la exposici\u00f3n, y comentaron pormenores sobre esta experiencia puntual y sus expectativas profesionales a futuro.<\/p>\n<p><span style=\"color: #339966;\"><strong>La Asociaci\u00f3n de Periodistas Agroalimentarios de la Ciudad Aut\u00f3noma de Buenos Aires<\/strong><\/span>, fundada en el a\u00f1o 2015, est\u00e1 conformada por 70 periodistas, comunicadores y fot\u00f3grafos que se desempe\u00f1an en medios privados, instituciones y consultoras de Caba.<strong> (NAP\/VW)<\/strong><\/p>\n<p>&nbsp;<\/p>\n","protected":false},"excerpt":{"rendered":"<p>La visita se concret\u00f3 en el marco de un Proyecto de Extensi\u00f3n de la Asociaci\u00f3n de Periodistas Agroalimentarios de Caba.<\/p>\n","protected":false},"author":3,"featured_media":9992,"comment_status":"closed","ping_status":"closed","sticky":false,"template":"","format":"standard","meta":{"_monsterinsights_skip_tracking":false,"_monsterinsights_sitenote_active":false,"_monsterinsights_sitenote_note":"","_monsterinsights_sitenote_category":0,"footnotes":""},"categories":[7],"tags":[1079,4149,4150],"class_list":["post-9991","post","type-post","status-publish","format-standard","has-post-thumbnail","hentry","category-educacion-y-cultura","tag-estudiantes","tag-expoagro-ypf","tag-rol-del-estado"],"_links":{"self":[{"href":"https:\/\/www.visionweb.com.ar\/index.php?rest_route=\/wp\/v2\/posts\/9991","targetHints":{"allow":["GET"]}}],"collection":[{"href":"https:\/\/www.visionweb.com.ar\/index.php?rest_route=\/wp\/v2\/posts"}],"about":[{"href":"https:\/\/www.visionweb.com.ar\/index.php?rest_route=\/wp\/v2\/types\/post"}],"author":[{"embeddable":true,"href":"https:\/\/www.visionweb.com.ar\/index.php?rest_route=\/wp\/v2\/users\/3"}],"replies":[{"embeddable":true,"href":"https:\/\/www.visionweb.com.ar\/index.php?rest_route=%2Fwp%2Fv2%2Fcomments&post=9991"}],"version-history":[{"count":2,"href":"https:\/\/www.visionweb.com.ar\/index.php?rest_route=\/wp\/v2\/posts\/9991\/revisions"}],"predecessor-version":[{"id":9995,"href":"https:\/\/www.visionweb.com.ar\/index.php?rest_route=\/wp\/v2\/posts\/9991\/revisions\/9995"}],"wp:featuredmedia":[{"embeddable":true,"href":"https:\/\/www.visionweb.com.ar\/index.php?rest_route=\/wp\/v2\/media\/9992"}],"wp:attachment":[{"href":"https:\/\/www.visionweb.com.ar\/index.php?rest_route=%2Fwp%2Fv2%2Fmedia&parent=9991"}],"wp:term":[{"taxonomy":"category","embeddable":true,"href":"https:\/\/www.visionweb.com.ar\/index.php?rest_route=%2Fwp%2Fv2%2Fcategories&post=9991"},{"taxonomy":"post_tag","embeddable":true,"href":"https:\/\/www.visionweb.com.ar\/index.php?rest_route=%2Fwp%2Fv2%2Ftags&post=9991"}],"curies":[{"name":"wp","href":"https:\/\/api.w.org\/{rel}","templated":true}]}}