{"id":9988,"date":"2023-03-15T14:43:00","date_gmt":"2023-03-15T17:43:00","guid":{"rendered":"https:\/\/www.visionweb.com.ar\/?p=9988"},"modified":"2023-03-15T14:43:00","modified_gmt":"2023-03-15T17:43:00","slug":"el-gobierno-promulgo-la-nueva-moratoria-previsional","status":"publish","type":"post","link":"https:\/\/www.visionweb.com.ar\/?p=9988","title":{"rendered":"El Gobierno promulg\u00f3 la nueva moratoria previsional"},"content":{"rendered":"<p><em><strong>Aunque la nueva ley a\u00fan no est\u00e1 reglamentada, \u201clos interesados pueden ir presentando los papeles\u00bb, dijo Raverta. Seg\u00fan datos oficiales esta instancia beneficiar\u00e1 a unas 800 mil personas.<\/strong><\/em><!--more--><\/p>\n<p><strong><img loading=\"lazy\" decoding=\"async\" class=\"size-medium wp-image-9349 alignright\" src=\"https:\/\/www.visionweb.com.ar\/wp-content\/uploads\/2023\/01\/ANSES-300x222.png\" alt=\"\" width=\"300\" height=\"222\" srcset=\"https:\/\/www.visionweb.com.ar\/wp-content\/uploads\/2023\/01\/ANSES-300x222.png 300w, https:\/\/www.visionweb.com.ar\/wp-content\/uploads\/2023\/01\/ANSES.png 499w\" sizes=\"auto, (max-width: 300px) 100vw, 300px\" \/>\u00a0 \u00a0L<\/strong>a <strong>Ley<\/strong><strong> 27.705<\/strong>,\u00a0o \u00ab<strong>Plan de Pago de Deuda Previsional<\/strong>\u00ab, que fue sancionada a fines de febrero por el Congreso, comenz\u00f3 a regir este martes, luego de su publicaci\u00f3n en el <strong>Bolet\u00edn Oficial<\/strong>.<\/p>\n<p>La nueva moratoria previsional 2023\u00a0est\u00e1 dirigida\u00a0a personas que, pese a haber cumplido la edad jubilatoria,\u00a0<strong>no llegaron a pagar los 30 a\u00f1os de aportes que dicta la ley 24.241.<\/strong><\/p>\n<p><strong>Este beneficio a la vez<\/strong> incluye a <strong>mujeres de entre 50 y 59 a\u00f1os y hombres de entre 55 y 64 a\u00f1os,<\/strong>\u00a0quienes todav\u00eda no tienen la edad l\u00edmite, pero ya saben que no llegar\u00e1n a esa cantidad de a\u00f1os de aportes.<\/p>\n<p>A la vez, cabe destacar que al menos una de cada 10 mujeres y 3 de cada 10 hombres no llegan a los 30 a\u00f1os de aportes necesarios, tras cumplir la edad m\u00ednima\u00a0para poder jubilarse y entrar en el\u00a0<strong>sistema previsional de Anses (SIPA)<\/strong>.<\/p>\n<p>En esa l\u00ednea, la titular de la Administraci\u00f3n Nacional de la Seguridad Social (<strong>Anses<\/strong><strong>),<\/strong><strong> Fernanda Raverta<\/strong>, aclar\u00f3 que si bien <strong>la ley est\u00e1 promulgada, \u00aba\u00fan no est\u00e1 reglamentada\u00bb<\/strong>, pero asegur\u00f3\u00a0que \u00abeso no es impedimento para que los interesados <strong>puedan ir presentando los papeles<\/strong>\u00ab.<\/p>\n<p>\u00ab<strong>No est\u00e1 reglamentada la ley, se promulg\u00f3 hace algunas horas, pero podemos empezar a hacer el tr\u00e1mite, recibir los papeles<\/strong>\u00ab, confirm\u00f3\u00a0\u00a0la funcionaria ayer.<\/p>\n<p>Qui\u00e9nes pueden jubilarse con la nueva ley:<\/p>\n<p>El primer grupo de beneficiarios son quienes\u00a0<strong>ya cumplieron la edad jubilatoria<\/strong><strong>\u00a0<\/strong>y podr\u00e1n\u00a0<strong>regularizar las deudas de aportes anteriores a diciembre de 2008<\/strong>, y los\u00a0<strong>pagos ser\u00e1n descontados autom\u00e1ticamente de la jubilaci\u00f3n que percibir\u00e1n mensualmente<\/strong>.<\/p>\n<p>El segundo grupo son aquellos hombres y mujeres que est\u00e9n a\u00a0<strong>menos de diez a\u00f1os de cumplir la edad jubilatoria<\/strong><strong>\u00a0<\/strong>y\u00a0podr\u00e1n regularizar pagos pendientes anteriores al 31 de marzo de 2012.<\/p>\n<p>El aporte se calcular\u00e1 por una\u00a0<strong>Unidad de Pago de Deuda Previsional<\/strong><strong>\u00a0<\/strong>(UPDP) y el monto por cada mes adeudado es igual al\u00a0<strong>29% de la remuneraci\u00f3n m\u00ednima imponible<\/strong>, que equivale a\u00a0<strong>unos $5.730 a marzo de este a\u00f1o<\/strong>.<\/p>\n<p>La deuda total se puede\u00a0<strong>cancelar en cuotas<\/strong>, con un m\u00ednimo de dos y un m\u00e1ximo de 120, de acuerdo con la cantidad de a\u00f1os que se quieran pagar.<strong>\u00a0<\/strong><strong>El valor de la cuota se ir\u00e1 ajustando seg\u00fan la movilidad jubilatoria, en forma trimestral<\/strong>.<\/p>\n<p>C\u00f3mo iniciar el tr\u00e1mite de jubilaci\u00f3n:<\/p>\n<p>El organismo que dirige\u00a0<strong> Raverta<\/strong>\u00a0lanz\u00f3 el programa \u00ab<strong>Ahora es m\u00e1s f\u00e1cil jubilarte<\/strong>\u00bb que permite que las personas puedan acercarse a\u00a0<strong>iniciar el tr\u00e1mite sin turno previo el d\u00eda que cumplen la edad m\u00ednima para jubilarse <\/strong>(60 para mujeres y 65 para varones).<\/p>\n<p>Otra instancia es la siguiente:<\/p>\n<p>1 &#8211; Ingresar a<strong> Mi<\/strong><strong>\u00a0<\/strong><strong>Anses<\/strong>\u00a0<strong>y verificar los aportes:\u00a0<\/strong><\/p>\n<p><strong>www.anses.gob.ar<\/strong>\u00a0con\u00a0<strong>CUIL<\/strong><strong>\u00a0<\/strong>y\u00a0<strong>Clave de la Seguridad Social. <\/strong><\/p>\n<p><strong>Consultar Historia Laboral<\/strong>. Si\u00a0faltan aportes, habr\u00e1 que\u00a0<strong>reunir la documentaci\u00f3n que pruebe los per\u00edodos trabajados<\/strong>:\u00a0certificaciones de servicios, recibos de sueldo, comprobantes de afiliaci\u00f3n a obra social o Declaraci\u00f3n Jurada.<\/p>\n<p>2 &#8211; Completar el\u00a0<a href=\"https:\/\/www.anses.gob.ar\/sites\/default\/files\/formulario\/2021-05\/Form%20PS%20618%20Solicitud%20de%20prestaciones%20previsionales.pdf\"><strong>formulario 6.18 \u00abSolicitud de prestaciones previsionales\u00bb<\/strong><\/a>.<\/p>\n<p><strong>\u00a0<\/strong>3 &#8211; Sacar turno en Anses: solicitar un turno para acercarte\u00a0a una oficina de ANSES.\u00a0Acudir con DNI.<\/p>\n<p>Para pedir un turno y ser atendido en las oficinas de la Anses, los interesados deber\u00e1n ingresar a este link\u00a0<a href=\"https:\/\/servicioswww.anses.gob.ar\/TurnosInternet\/Solicitud\/IngresoSolicitud?idprest=1\">https:\/\/servicioswww.anses.gob.ar\/TurnosInternet\/Solicitud\/IngresoSolicitud?idprest=1<\/a>\u00a0\u00a0 <strong>(VW)<\/strong><\/p>\n<p>&nbsp;<\/p>\n","protected":false},"excerpt":{"rendered":"<p>Aunque la nueva ley a\u00fan no est\u00e1 reglamentada, \u201clos interesados pueden ir presentando los papeles\u00bb, dijo Raverta. Seg\u00fan datos oficiales esta instancia beneficiar\u00e1 a unas 800 mil personas.<\/p>\n","protected":false},"author":4,"featured_media":9349,"comment_status":"closed","ping_status":"closed","sticky":false,"template":"","format":"standard","meta":{"_monsterinsights_skip_tracking":false,"_monsterinsights_sitenote_active":false,"_monsterinsights_sitenote_note":"","_monsterinsights_sitenote_category":0,"footnotes":""},"categories":[5],"tags":[300,4148,2571,801],"class_list":["post-9988","post","type-post","status-publish","format-standard","has-post-thumbnail","hentry","category-sociedad","tag-anses","tag-iniciar-tramite","tag-moratoria-previsional","tag-raverta"],"_links":{"self":[{"href":"https:\/\/www.visionweb.com.ar\/index.php?rest_route=\/wp\/v2\/posts\/9988","targetHints":{"allow":["GET"]}}],"collection":[{"href":"https:\/\/www.visionweb.com.ar\/index.php?rest_route=\/wp\/v2\/posts"}],"about":[{"href":"https:\/\/www.visionweb.com.ar\/index.php?rest_route=\/wp\/v2\/types\/post"}],"author":[{"embeddable":true,"href":"https:\/\/www.visionweb.com.ar\/index.php?rest_route=\/wp\/v2\/users\/4"}],"replies":[{"embeddable":true,"href":"https:\/\/www.visionweb.com.ar\/index.php?rest_route=%2Fwp%2Fv2%2Fcomments&post=9988"}],"version-history":[{"count":2,"href":"https:\/\/www.visionweb.com.ar\/index.php?rest_route=\/wp\/v2\/posts\/9988\/revisions"}],"predecessor-version":[{"id":9990,"href":"https:\/\/www.visionweb.com.ar\/index.php?rest_route=\/wp\/v2\/posts\/9988\/revisions\/9990"}],"wp:featuredmedia":[{"embeddable":true,"href":"https:\/\/www.visionweb.com.ar\/index.php?rest_route=\/wp\/v2\/media\/9349"}],"wp:attachment":[{"href":"https:\/\/www.visionweb.com.ar\/index.php?rest_route=%2Fwp%2Fv2%2Fmedia&parent=9988"}],"wp:term":[{"taxonomy":"category","embeddable":true,"href":"https:\/\/www.visionweb.com.ar\/index.php?rest_route=%2Fwp%2Fv2%2Fcategories&post=9988"},{"taxonomy":"post_tag","embeddable":true,"href":"https:\/\/www.visionweb.com.ar\/index.php?rest_route=%2Fwp%2Fv2%2Ftags&post=9988"}],"curies":[{"name":"wp","href":"https:\/\/api.w.org\/{rel}","templated":true}]}}