{"id":9984,"date":"2023-03-15T13:50:58","date_gmt":"2023-03-15T16:50:58","guid":{"rendered":"https:\/\/www.visionweb.com.ar\/?p=9984"},"modified":"2023-03-15T13:50:58","modified_gmt":"2023-03-15T16:50:58","slug":"desde-la-hora-cero-de-hoy-hubo-otro-aumento-acordado-de-shell","status":"publish","type":"post","link":"https:\/\/www.visionweb.com.ar\/?p=9984","title":{"rendered":"Desde la hora cero de hoy hubo otro aumento acordado de Shell"},"content":{"rendered":"<p><em><strong>En este caso, fue del 3,8%. Las dem\u00e1s compa\u00f1\u00edas se sumar\u00e1n a la brevedad. A\u00fan no se conoce si habr\u00e1 nuevos acuerdos para los pr\u00f3ximos meses.<\/strong><\/em><!--more--><\/p>\n<p><strong><img loading=\"lazy\" decoding=\"async\" class=\"size-medium wp-image-9986 alignright\" src=\"https:\/\/www.visionweb.com.ar\/wp-content\/uploads\/2023\/03\/shell-300x240.jpg\" alt=\"\" width=\"300\" height=\"240\" srcset=\"https:\/\/www.visionweb.com.ar\/wp-content\/uploads\/2023\/03\/shell-300x240.jpg 300w, https:\/\/www.visionweb.com.ar\/wp-content\/uploads\/2023\/03\/shell.bmp 412w\" sizes=\"auto, (max-width: 300px) 100vw, 300px\" \/>\u00a0L<\/strong>a compa\u00f1\u00eda\u00a0<strong>Shell aument\u00f3 hoy un 3,8% el valor de sus naftas y gasoil<\/strong>, en congruencia con lo acordado con el Gobierno en el programa\u00a0<strong>Precios Justos<\/strong>\u00a0que fij\u00f3 topes para los incrementos del sector.<\/p>\n<p>Seg\u00fan ese acuerdo, las compa\u00f1\u00edas petroleras incrementan el valor de los combustibles desde diciembre pasado un\u00a0<strong>4% mensual<\/strong>, mientras que para el mes en curso, el incremento pautado es del 3,8%.<\/p>\n<p>En ese contexto, la empresa Ra\u00edzen, licenciataria de la marca Shell, comunic\u00f3 que, a partir de la 0 hora de hoy, dispuso un aumento en los precios de los combustibles de un \u201c3,8% promedio\u201d.<\/p>\n<p>A fines de noviembre \u00faltimo, el ministro de Econom\u00eda, Sergio Massa, anunci\u00f3 el\u00a0<strong>acuerdo con las petroleras<\/strong>\u00a0para que los combustibles participen del programa <strong>Precios Justos<\/strong>.<\/p>\n<p>\u201cVamos a tener diciembre, enero, febrero y marzo con un sendero de aumentos predefinido: 4% en diciembre; 4% en enero; 4% en febrero y 3,8% en marzo, con el objetivo de seguir construyendo un camino en el cual todos los sectores contribuyan a bajar significativamente la inflaci\u00f3n que es el principal drama de la Argentina\u201d, se\u00f1al\u00f3 el ministro en su oportunidad.<\/p>\n<p>Cabe recordar que el acuerdo fue rubricado por los presidentes de YPF, Pablo Gonz\u00e1lez; de PAE-Axion, Marcos Bulgheroni; y de Raizen-Shell, Te\u00f3filo Lacroze. <strong>(VW)<\/strong><\/p>\n<p>&nbsp;<\/p>\n","protected":false},"excerpt":{"rendered":"<p>En este caso, fue del 3,8%. Las dem\u00e1s compa\u00f1\u00edas se sumar\u00e1n a la brevedad. A\u00fan no se conoce si habr\u00e1 nuevos acuerdos para los pr\u00f3ximos meses.<\/p>\n","protected":false},"author":4,"featured_media":9986,"comment_status":"closed","ping_status":"closed","sticky":false,"template":"","format":"standard","meta":{"_monsterinsights_skip_tracking":false,"_monsterinsights_sitenote_active":false,"_monsterinsights_sitenote_note":"","_monsterinsights_sitenote_category":0,"footnotes":""},"categories":[6,4],"tags":[3196,4147,3506,2259],"class_list":["post-9984","post","type-post","status-publish","format-standard","has-post-thumbnail","hentry","category-economia","category-politica","tag-3196","tag-aumento-3","tag-naftas-a-precios-justos","tag-shell"],"_links":{"self":[{"href":"https:\/\/www.visionweb.com.ar\/index.php?rest_route=\/wp\/v2\/posts\/9984","targetHints":{"allow":["GET"]}}],"collection":[{"href":"https:\/\/www.visionweb.com.ar\/index.php?rest_route=\/wp\/v2\/posts"}],"about":[{"href":"https:\/\/www.visionweb.com.ar\/index.php?rest_route=\/wp\/v2\/types\/post"}],"author":[{"embeddable":true,"href":"https:\/\/www.visionweb.com.ar\/index.php?rest_route=\/wp\/v2\/users\/4"}],"replies":[{"embeddable":true,"href":"https:\/\/www.visionweb.com.ar\/index.php?rest_route=%2Fwp%2Fv2%2Fcomments&post=9984"}],"version-history":[{"count":2,"href":"https:\/\/www.visionweb.com.ar\/index.php?rest_route=\/wp\/v2\/posts\/9984\/revisions"}],"predecessor-version":[{"id":9987,"href":"https:\/\/www.visionweb.com.ar\/index.php?rest_route=\/wp\/v2\/posts\/9984\/revisions\/9987"}],"wp:featuredmedia":[{"embeddable":true,"href":"https:\/\/www.visionweb.com.ar\/index.php?rest_route=\/wp\/v2\/media\/9986"}],"wp:attachment":[{"href":"https:\/\/www.visionweb.com.ar\/index.php?rest_route=%2Fwp%2Fv2%2Fmedia&parent=9984"}],"wp:term":[{"taxonomy":"category","embeddable":true,"href":"https:\/\/www.visionweb.com.ar\/index.php?rest_route=%2Fwp%2Fv2%2Fcategories&post=9984"},{"taxonomy":"post_tag","embeddable":true,"href":"https:\/\/www.visionweb.com.ar\/index.php?rest_route=%2Fwp%2Fv2%2Ftags&post=9984"}],"curies":[{"name":"wp","href":"https:\/\/api.w.org\/{rel}","templated":true}]}}