{"id":9976,"date":"2023-03-14T17:06:54","date_gmt":"2023-03-14T20:06:54","guid":{"rendered":"https:\/\/www.visionweb.com.ar\/?p=9976"},"modified":"2023-03-14T17:07:39","modified_gmt":"2023-03-14T20:07:39","slug":"la-inflacion-de-febrero-supero-los-6-puntos-porcentuales","status":"publish","type":"post","link":"https:\/\/www.visionweb.com.ar\/?p=9976","title":{"rendered":"La inflaci\u00f3n de febrero super\u00f3 los 6 puntos porcentuales"},"content":{"rendered":"<p><strong><em>El promedio del primer tramo del a\u00f1o ubic\u00f3 el indice de precios en 13,1% y en la medici\u00f3n anual alcanz\u00f3 los 102,5 puntos porcentuales.<\/em><\/strong> <!--more--><\/p>\n<div id=\"attachment_7718\" style=\"width: 310px\" class=\"wp-caption alignright\"><img loading=\"lazy\" decoding=\"async\" aria-describedby=\"caption-attachment-7718\" class=\"wp-image-7718 size-medium\" src=\"https:\/\/www.visionweb.com.ar\/wp-content\/uploads\/2022\/10\/canasta-alimentos-almacen-300x215.jpg\" alt=\"\" width=\"300\" height=\"215\" srcset=\"https:\/\/www.visionweb.com.ar\/wp-content\/uploads\/2022\/10\/canasta-alimentos-almacen-300x215.jpg 300w, https:\/\/www.visionweb.com.ar\/wp-content\/uploads\/2022\/10\/canasta-alimentos-almacen.bmp 572w\" sizes=\"auto, (max-width: 300px) 100vw, 300px\" \/><p id=\"caption-attachment-7718\" class=\"wp-caption-text\"><em><strong>Los alimentos y las bebidas no alcoholicas, fueron las divisiones que m\u00e1s aumentaron en febrero. (Foto: Archivo) <\/strong> <\/em><\/p><\/div>\n<p><strong>\u00a0 \u00a0 \u00a0 \u00a0E<\/strong>l \u00edndice de precios al consumidor correspondiente a febrero se ubic\u00f3 en 6,6% , de acuerdo a lo informado este martes por el Instituto Nacional de Estad\u00edsticas y Censo (INDEC).<\/p>\n<p>Mientras que la medici\u00f3n interanual se ubic\u00f3 en 102,5%, uno de los \u00edndices m\u00e1s altos de los \u00faltimos a\u00f1os.<\/p>\n<p>En tanto que el acumulado en lo que va del a\u00f1o qued\u00f3 en 13,1%, cifra que super\u00f3 con comodidad los objetivos que se propuso el actual ministro de Econom\u00eda, Sergio Massa, que hab\u00eda propuesto como objetiva ubicar el ajuste del\u00a0 \u00edndice de precios en un promedio de 3 puntos porcentuales.<\/p>\n<p>De este modo, la inflaci\u00f3n de febrero, duplic\u00f3 a la del primer mes del a\u00f1o, enero.<\/p>\n<p>La divisi\u00f3n que mostr\u00f3 la suba m\u00e1s importante, fue la correspondiente a alimentos y bebidas, que se ubic\u00f3 en 9,8 por ciento, valores que se vieron alentados por los ajustes de precios en los alimentos y bebidas no alcoh\u00f3licas y, el alza en el precio de la carne vacuna, sus derivados, los l\u00e1cteos\u00a0 y huevos.<\/p>\n<p>Entre las divisiones que mostraron las mayores subas aparecen Comunicaci\u00f3n (7,8%), sobre la que incidi\u00f3 el alza de los servicios de telefon\u00eda e internet y Restaurantes y hoteles (7,5%), adem\u00e1s se sumaron las subas en Restaurantes y comidas fuera del hogar.<\/p>\n<p>Tambi\u00e9n se destac\u00f3 en el per\u00edodo en an\u00e1lisis, el aumento de: Las cuotas de las prepagas, que impact\u00f3 sobre Salud (5,3%); cigarrillos, en Bebidas alcoh\u00f3licas y tabaco (5,2%); los combustibles. Dentro de Transporte (4,9%); y los servicios de electricidad y agua en algunas regiones, en Vivienda, agua, electricidad y otros combustibles (4,8%).<\/p>\n<p>En tanto, las dos divisiones de menor variaci\u00f3n en febrero fueron: Prendas de vestir y calzado (3,9%) y Educaci\u00f3n (3,2%).<\/p>\n<p>A nivel de las categor\u00edas, el IPC N\u00facleo lider\u00f3 el aumento (7,7%), seguido de Regulados (5,1%), en tanto que Estacionales registr\u00f3 un incremento de 3,3%<strong>(VW)<\/strong>.<\/p>\n<p>&nbsp;<\/p>\n<p>&nbsp;<\/p>\n<p>&nbsp;<\/p>\n<p>&nbsp;<\/p>\n","protected":false},"excerpt":{"rendered":"<p>El promedio del primer tramo del a\u00f1o ubic\u00f3 el indice de precios en 13,1% y en la medici\u00f3n anual alcanz\u00f3 los 102,5 puntos porcentuales.<\/p>\n","protected":false},"author":3,"featured_media":7151,"comment_status":"closed","ping_status":"closed","sticky":false,"template":"","format":"standard","meta":{"_monsterinsights_skip_tracking":false,"_monsterinsights_sitenote_active":false,"_monsterinsights_sitenote_note":"","_monsterinsights_sitenote_category":0,"footnotes":""},"categories":[1],"tags":[111,75,77,47],"class_list":["post-9976","post","type-post","status-publish","format-standard","has-post-thumbnail","hentry","category-uncategorized","tag-alimentos","tag-indec","tag-inflacion","tag-precios"],"_links":{"self":[{"href":"https:\/\/www.visionweb.com.ar\/index.php?rest_route=\/wp\/v2\/posts\/9976","targetHints":{"allow":["GET"]}}],"collection":[{"href":"https:\/\/www.visionweb.com.ar\/index.php?rest_route=\/wp\/v2\/posts"}],"about":[{"href":"https:\/\/www.visionweb.com.ar\/index.php?rest_route=\/wp\/v2\/types\/post"}],"author":[{"embeddable":true,"href":"https:\/\/www.visionweb.com.ar\/index.php?rest_route=\/wp\/v2\/users\/3"}],"replies":[{"embeddable":true,"href":"https:\/\/www.visionweb.com.ar\/index.php?rest_route=%2Fwp%2Fv2%2Fcomments&post=9976"}],"version-history":[{"count":1,"href":"https:\/\/www.visionweb.com.ar\/index.php?rest_route=\/wp\/v2\/posts\/9976\/revisions"}],"predecessor-version":[{"id":9977,"href":"https:\/\/www.visionweb.com.ar\/index.php?rest_route=\/wp\/v2\/posts\/9976\/revisions\/9977"}],"wp:featuredmedia":[{"embeddable":true,"href":"https:\/\/www.visionweb.com.ar\/index.php?rest_route=\/wp\/v2\/media\/7151"}],"wp:attachment":[{"href":"https:\/\/www.visionweb.com.ar\/index.php?rest_route=%2Fwp%2Fv2%2Fmedia&parent=9976"}],"wp:term":[{"taxonomy":"category","embeddable":true,"href":"https:\/\/www.visionweb.com.ar\/index.php?rest_route=%2Fwp%2Fv2%2Fcategories&post=9976"},{"taxonomy":"post_tag","embeddable":true,"href":"https:\/\/www.visionweb.com.ar\/index.php?rest_route=%2Fwp%2Fv2%2Ftags&post=9976"}],"curies":[{"name":"wp","href":"https:\/\/api.w.org\/{rel}","templated":true}]}}