{"id":9972,"date":"2023-03-14T15:04:39","date_gmt":"2023-03-14T18:04:39","guid":{"rendered":"https:\/\/www.visionweb.com.ar\/?p=9972"},"modified":"2023-03-14T15:04:39","modified_gmt":"2023-03-14T18:04:39","slug":"ola-de-calor-hay-mas-de-36-mil-usuarios-sin-luz-en-el-conurbano","status":"publish","type":"post","link":"https:\/\/www.visionweb.com.ar\/?p=9972","title":{"rendered":"Ola de calor: Hay m\u00e1s de 36 mil usuarios sin luz en el conurbano"},"content":{"rendered":"<p><em><strong>Las temperaturas no ceden desde hace 14 d\u00edas y las deficiencias de las compa\u00f1\u00edas de suministro dicen: presente! La demanda de consumo de potencia lleg\u00f3 ayer a 29.089 MW.<\/strong><\/em><!--more--><\/p>\n<p><strong><img loading=\"lazy\" decoding=\"async\" class=\"size-medium wp-image-9974 alignright\" src=\"https:\/\/www.visionweb.com.ar\/wp-content\/uploads\/2023\/03\/cortes-de-luz-5-300x158.jpg\" alt=\"\" width=\"300\" height=\"158\" srcset=\"https:\/\/www.visionweb.com.ar\/wp-content\/uploads\/2023\/03\/cortes-de-luz-5-300x158.jpg 300w, https:\/\/www.visionweb.com.ar\/wp-content\/uploads\/2023\/03\/cortes-de-luz-5.bmp 410w\" sizes=\"auto, (max-width: 300px) 100vw, 300px\" \/>\u00a0\u00a0\u00a0 E<\/strong>l Ente Nacional Regulador de la Electricidad<strong>\u00a0<\/strong><strong>(ENRE) inform\u00f3 este mediod\u00eda que<\/strong><strong> hay 36.136 usuarios de Edesur afectados por cortes de luz, de los cuales 20.089 corresponden a distritos de la zona sur del Conurbano, siendo el<\/strong> m\u00e1s afectado Esteban Echeverr\u00eda, luego siguen Lan\u00fas y Lomas de Zamora.<\/p>\n<p>El ENRE detall\u00f3 que son 20.089 los usuarios afectados en Esteban Echeverr\u00eda, Almirante Brown, Avellaneda, Ezeiza, Lan\u00fas y Lomas de Zamora por distintas causas: obras de mantenimiento y problemas en la red de media y baja tensi\u00f3n.<\/p>\n<p><strong>En Esteban Echeverr\u00eda, son 7.469 los hogares sin servici<\/strong>o en las localidades de Luis Guill\u00f3n, Monte Grande y 9 de Abril.<\/p>\n<p><strong>Lan\u00fas contempla 5.760 cortes<\/strong><strong>\u00a0<\/strong>en Lan\u00fas Este, Monte Chingolo, Remedios de Escalada, Valent\u00edn Alsina y Gerli.<\/p>\n<p><strong>El tercer distrito que sigue a ese orden es Lomas de Zamora, con 4.214 usuarios<\/strong>, que residen en las localidades de Banfield, Llavallol, T\u00e9mperley, Ingeniero Budge y lo que se considera \u201czona rural\u201d.<\/p>\n<p>Detr\u00e1s aparecen Avellaneda, con 1392 cortes en Sarand\u00ed, Villa Dom\u00ednico y Wilde; Ezeiza, con 1254 cortes.<\/p>\n<p><strong>Ayer por la tarde, hubo m\u00e1s de 123.000 usuarios sin luz en el \u00c1rea Metropolitana de Buenos Aires (AMBA), con una temperatura t\u00e9rmica que alcanz\u00f3 casi los 40 grados y un consumo r\u00e9cord de energ\u00eda.<\/strong><\/p>\n<p>Seg\u00fan se inform\u00f3, <strong>ayer a las 15.15<\/strong> se registr\u00f3 un <strong>nuevo m\u00e1ximo hist\u00f3rico de demanda de potencia<\/strong> del Sistema Argentino de Interconexi\u00f3n (SADI), <strong>con 29.089 MW<\/strong>, dato que super\u00f3 por 527 MW el r\u00e9cord alcanzado el pasado viernes de 28.562 MW.<\/p>\n<p>En ese sentido, la Compa\u00f1\u00eda Administradora del Mercado Mayorista El\u00e9ctrico (<strong>Cammesa<\/strong>) inform\u00f3 que ese pico de consumo el\u00e9ctrico\u00a0<strong>se debe principalmente a las temperaturas extremas in\u00e9ditas<\/strong>\u00a0que se est\u00e1n registrando en el pa\u00eds en lo que va de marzo.<\/p>\n<p>Mientras el \u00e1rea metropolitana de Buenos Aires (AMBA) super\u00f3 el umbral de temperatura m\u00e1xima de\u00a0<strong>ola de calor por 14 d\u00edas consecutivos<\/strong><strong>\u00a0<\/strong>y el Servicio Meteorol\u00f3gico Nacional (SMN) mantiene la alerta roja por las temperaturas \u201cmuy peligrosas\u201d.<\/p>\n<p>A la falta de suministro el\u00e9ctrico hay que <strong>sumar la baja tensi\u00f3n<\/strong>, y\u00a0<strong>la gran limitaci\u00f3n del servicio de agua potable de la prestadora AySA. (VW)<\/strong><\/p>\n<p>&nbsp;<\/p>\n","protected":false},"excerpt":{"rendered":"<p>Las temperaturas no ceden desde hace 14 d\u00edas y las deficiencias de las compa\u00f1\u00edas de suministro dicen: presente! La demanda de consumo de potencia lleg\u00f3 ayer a 29.089 MW.<\/p>\n","protected":false},"author":4,"featured_media":9974,"comment_status":"closed","ping_status":"closed","sticky":false,"template":"","format":"standard","meta":{"_monsterinsights_skip_tracking":false,"_monsterinsights_sitenote_active":false,"_monsterinsights_sitenote_note":"","_monsterinsights_sitenote_category":0,"footnotes":""},"categories":[8],"tags":[1600,276,952,4144],"class_list":["post-9972","post","type-post","status-publish","format-standard","has-post-thumbnail","hentry","category-interes-general","tag-cortes-de-luz","tag-edesur","tag-enre","tag-ola-de-xalor"],"_links":{"self":[{"href":"https:\/\/www.visionweb.com.ar\/index.php?rest_route=\/wp\/v2\/posts\/9972","targetHints":{"allow":["GET"]}}],"collection":[{"href":"https:\/\/www.visionweb.com.ar\/index.php?rest_route=\/wp\/v2\/posts"}],"about":[{"href":"https:\/\/www.visionweb.com.ar\/index.php?rest_route=\/wp\/v2\/types\/post"}],"author":[{"embeddable":true,"href":"https:\/\/www.visionweb.com.ar\/index.php?rest_route=\/wp\/v2\/users\/4"}],"replies":[{"embeddable":true,"href":"https:\/\/www.visionweb.com.ar\/index.php?rest_route=%2Fwp%2Fv2%2Fcomments&post=9972"}],"version-history":[{"count":2,"href":"https:\/\/www.visionweb.com.ar\/index.php?rest_route=\/wp\/v2\/posts\/9972\/revisions"}],"predecessor-version":[{"id":9975,"href":"https:\/\/www.visionweb.com.ar\/index.php?rest_route=\/wp\/v2\/posts\/9972\/revisions\/9975"}],"wp:featuredmedia":[{"embeddable":true,"href":"https:\/\/www.visionweb.com.ar\/index.php?rest_route=\/wp\/v2\/media\/9974"}],"wp:attachment":[{"href":"https:\/\/www.visionweb.com.ar\/index.php?rest_route=%2Fwp%2Fv2%2Fmedia&parent=9972"}],"wp:term":[{"taxonomy":"category","embeddable":true,"href":"https:\/\/www.visionweb.com.ar\/index.php?rest_route=%2Fwp%2Fv2%2Fcategories&post=9972"},{"taxonomy":"post_tag","embeddable":true,"href":"https:\/\/www.visionweb.com.ar\/index.php?rest_route=%2Fwp%2Fv2%2Ftags&post=9972"}],"curies":[{"name":"wp","href":"https:\/\/api.w.org\/{rel}","templated":true}]}}