{"id":9947,"date":"2023-03-13T11:27:42","date_gmt":"2023-03-13T14:27:42","guid":{"rendered":"https:\/\/www.visionweb.com.ar\/?p=9947"},"modified":"2023-03-13T11:27:42","modified_gmt":"2023-03-13T14:27:42","slug":"cat-argentina-se-promociono-ante-el-mercado-europeo-en-itb-berlin-2023","status":"publish","type":"post","link":"https:\/\/www.visionweb.com.ar\/?p=9947","title":{"rendered":"CAT: Argentina se promocion\u00f3 ante el mercado europeo en ITB Berl\u00edn 2023"},"content":{"rendered":"<p><em><strong>\u201cHoy estamos bien posicionados ante el mundo\u201d (..) \u201cSe vienen grandes a\u00f1os para el turismo receptivo en nuestro pa\u00eds\u201d, detall\u00f3 el presidente de la CAT.<\/strong><\/em><!--more--><\/p>\n<div id=\"attachment_9949\" style=\"width: 310px\" class=\"wp-caption alignright\"><img loading=\"lazy\" decoding=\"async\" aria-describedby=\"caption-attachment-9949\" class=\"wp-image-9949 size-medium\" src=\"https:\/\/www.visionweb.com.ar\/wp-content\/uploads\/2023\/03\/CAT-en-berlin-300x201.jpg\" alt=\"\" width=\"300\" height=\"201\" srcset=\"https:\/\/www.visionweb.com.ar\/wp-content\/uploads\/2023\/03\/CAT-en-berlin-300x201.jpg 300w, https:\/\/www.visionweb.com.ar\/wp-content\/uploads\/2023\/03\/CAT-en-berlin.jpg 392w\" sizes=\"auto, (max-width: 300px) 100vw, 300px\" \/><p id=\"caption-attachment-9949\" class=\"wp-caption-text\">Argentina en Berl\u00edn. Foto Prensa de la CAT<\/p><\/div>\n<p class=\"MsoNormal\"><b><span style=\"font-size: 14.0pt; font-family: Arial; background: white;\"> \u00a0<\/span><\/b><strong>\u00a0\u00a0\u00a0 E<\/strong>l presidente de la <strong>C\u00e1mara Argentina de Turismo<\/strong> (CAT), <strong>Gustavo Hani<\/strong>, junto con autoridades del Ministerio de Turismo y Deportes, el Inprotur, representantes de destinos tur\u00edsticos y m\u00e1s de 20 empresas, particip\u00f3 de la <strong>feria de turismo de Alemania<\/strong><strong> ITB Berl\u00edn 2023<\/strong>, con el objetivo de potenciar el arribo de turistas internacionales a nuestro pa\u00eds.<\/p>\n<p>En ese marco, Gustavo Hani afirm\u00f3: \u201c<strong>El 2023 va a ser un gran a\u00f1o para el turismo internacional en la Argentina. Todo el sector, p\u00fablico y privado, est\u00e1 trabajando para que eso suceda<\/strong>\u201d, conforme indic\u00f3 Prensa de la CAT.<\/p>\n<p>Durante la feria que tuvo lugar desde el 7 al 9 de marzo, el presidente de la CAT, destac\u00f3 el trabajo en equipo para el gran desaf\u00edo de este a\u00f1o: \u201cDebemos seguir promocionando a la Argentina para incrementar la llegada de turistas extranjeros. Tenemos una gran oportunidad con propuestas como el turismo naturaleza. Hoy estamos bien posicionados ante el mundo, no obstante tenemos que seguir trabajando. Estamos ante el inicio de una etapa fundamental, se vienen grandes a\u00f1os para el turismo receptivo en nuestro pa\u00eds\u201d.<\/p>\n<p>La feria se desarroll\u00f3 en el complejo ferial Messe Berl\u00edn de la capital alemana, donde hubo presentaciones, encuentros de negocios y m\u00faltiples reuniones de trabajo, con <strong>el foco puesto desarrollar oportunidades para atraer turistas del mercado europeo<\/strong>.<\/p>\n<p>Entre ellas se\u00a0mantuvieron <strong>reuniones<\/strong> con representantes de empresas de cruceros, se present\u00f3 la Ruta Natural y se anunciaron <strong>nuevas conexiones a\u00e9reas<\/strong> como el reactivaci\u00f3n de los vuelos de Qatar Airways entre Doha y Buenos Aires, v\u00eda San Pablo; y la nueva frecuencia de Lufthansa.<\/p>\n<p>La delegaci\u00f3n cont\u00f3 con la participaci\u00f3n del ministro de Turismo y Deportes, Mat\u00edas Lammens, la secretaria de Promoci\u00f3n Tur\u00edstica, Yanina Mart\u00ednez; la subsecretaria de Desarrollo Estrat\u00e9gico, Eugenia Benedetti; el secretario ejecutivo del Inprotur, Ricardo Sosa; el jefe de Misi\u00f3n adjunto de la Embajada argentina en Alemania, Tom\u00e1s Villalba; directivos de Faevyt, Fehgra y Ccglar, entre otras autoridades.<\/p>\n<p>Adem\u00e1s de las 21 empresas, entre operadores y prestadores tur\u00edsticos, participaron representantes de turismo de la Ciudad de Buenos Aires, El Calafate, Mar del Plata, Bariloche, Los Antiguos, y las provincias de Jujuy, Tierra del Fuego, Santa Cruz, Chubut, Mendoza y Tucum\u00e1n. <strong>(VW)<\/strong><\/p>\n<p>&nbsp;<\/p>\n","protected":false},"excerpt":{"rendered":"<p>\u201cHoy estamos bien posicionados ante el mundo\u201d (..) \u201cSe vienen grandes a\u00f1os para el turismo receptivo en nuestro pa\u00eds\u201d, detall\u00f3 el presidente de la CAT.<\/p>\n","protected":false},"author":4,"featured_media":9949,"comment_status":"closed","ping_status":"closed","sticky":false,"template":"","format":"standard","meta":{"_monsterinsights_skip_tracking":false,"_monsterinsights_sitenote_active":false,"_monsterinsights_sitenote_note":"","_monsterinsights_sitenote_category":0,"footnotes":""},"categories":[700],"tags":[1311,1371,4136,2486],"class_list":["post-9947","post","type-post","status-publish","format-standard","has-post-thumbnail","hentry","category-turismo","tag-alemania","tag-cat","tag-feria-de-turismo-itb-berlin-2023","tag-gustavo-hani"],"_links":{"self":[{"href":"https:\/\/www.visionweb.com.ar\/index.php?rest_route=\/wp\/v2\/posts\/9947","targetHints":{"allow":["GET"]}}],"collection":[{"href":"https:\/\/www.visionweb.com.ar\/index.php?rest_route=\/wp\/v2\/posts"}],"about":[{"href":"https:\/\/www.visionweb.com.ar\/index.php?rest_route=\/wp\/v2\/types\/post"}],"author":[{"embeddable":true,"href":"https:\/\/www.visionweb.com.ar\/index.php?rest_route=\/wp\/v2\/users\/4"}],"replies":[{"embeddable":true,"href":"https:\/\/www.visionweb.com.ar\/index.php?rest_route=%2Fwp%2Fv2%2Fcomments&post=9947"}],"version-history":[{"count":2,"href":"https:\/\/www.visionweb.com.ar\/index.php?rest_route=\/wp\/v2\/posts\/9947\/revisions"}],"predecessor-version":[{"id":9950,"href":"https:\/\/www.visionweb.com.ar\/index.php?rest_route=\/wp\/v2\/posts\/9947\/revisions\/9950"}],"wp:featuredmedia":[{"embeddable":true,"href":"https:\/\/www.visionweb.com.ar\/index.php?rest_route=\/wp\/v2\/media\/9949"}],"wp:attachment":[{"href":"https:\/\/www.visionweb.com.ar\/index.php?rest_route=%2Fwp%2Fv2%2Fmedia&parent=9947"}],"wp:term":[{"taxonomy":"category","embeddable":true,"href":"https:\/\/www.visionweb.com.ar\/index.php?rest_route=%2Fwp%2Fv2%2Fcategories&post=9947"},{"taxonomy":"post_tag","embeddable":true,"href":"https:\/\/www.visionweb.com.ar\/index.php?rest_route=%2Fwp%2Fv2%2Ftags&post=9947"}],"curies":[{"name":"wp","href":"https:\/\/api.w.org\/{rel}","templated":true}]}}