{"id":9939,"date":"2023-03-13T07:59:39","date_gmt":"2023-03-13T10:59:39","guid":{"rendered":"https:\/\/www.visionweb.com.ar\/?p=9939"},"modified":"2023-03-13T08:11:00","modified_gmt":"2023-03-13T11:11:00","slug":"sequia-grindetti-pidio-a-la-provincia-acompanar-los-reclamos-del-campo","status":"publish","type":"post","link":"https:\/\/www.visionweb.com.ar\/?p=9939","title":{"rendered":"Sequ\u00eda: Grindetti pidi\u00f3 a la Provincia acompa\u00f1ar los reclamos del campo"},"content":{"rendered":"<p><em><strong>Lo hizo durante una recorrida por Lobos y Ca\u00f1uelas, donde se reuni\u00f3 con productores. Comparti\u00f3 un almuerzo con 90 abuelos en el marco del programa \u00abPuentes\u00bb<\/strong><\/em><!--more--><\/p>\n<div id=\"attachment_9940\" style=\"width: 310px\" class=\"wp-caption alignleft\"><img loading=\"lazy\" decoding=\"async\" aria-describedby=\"caption-attachment-9940\" class=\"wp-image-9940 size-medium\" src=\"https:\/\/www.visionweb.com.ar\/wp-content\/uploads\/2023\/03\/GRINDETTI-CON-PRODUCTORES-300x231.jpeg\" alt=\"\" width=\"300\" height=\"231\" srcset=\"https:\/\/www.visionweb.com.ar\/wp-content\/uploads\/2023\/03\/GRINDETTI-CON-PRODUCTORES-300x231.jpeg 300w, https:\/\/www.visionweb.com.ar\/wp-content\/uploads\/2023\/03\/GRINDETTI-CON-PRODUCTORES.jpeg 624w\" sizes=\"auto, (max-width: 300px) 100vw, 300px\" \/><p id=\"caption-attachment-9940\" class=\"wp-caption-text\"><em><strong>El intendente N\u00e9stor Grindetti y pre candidato a gobernador, eval\u00faa junto a productores el impacto e la sequ\u00eda.(Prensa Campa\u00f1a)<\/strong><\/em><\/p><\/div>\n<p><strong>\u00a0 \u00a0 \u00a0 E<\/strong>l intendente de Lanus y precandidato a gobernador PRO, N\u00e9stor Grindetti, recorri\u00f3 las localidades de Ca\u00f1uelas y Lobos con una fuerte impronta agropecuaria.<\/p>\n<p>\u201c El gobernador debiera representar mejor al campo bonaerense frente al gobierno nacional, los reclamos que el campo tiene no pueden caer en saco roto, se tiene que poner la camiseta\u201d.<\/p>\n<p>El jefe comunal lanusense estuvo en las localidades de Lobos y Ca\u00f1uelas donde analiz\u00f3 con productores agropecuarios la realidad que vive el sector y las dificultades que plantea la sequ\u00eda y la carga impositiva para el desarrollo de la actividad durante el 2023.<\/p>\n<p>Durante la visita, Grindetti comparti\u00f3 un almuerzo con m\u00e1s de 90 abuelos de Lanus que visitaron la localidad de Lobos en el marco del programa \u201cPuentes\u201d que lleva adelante la Secretaria de Desarollo Social lanusense a cargo de Noelia Quindimil.<\/p>\n<p>Acompa\u00f1ado del intendente local, Jorge Etcheverry, el diputado provincial, Adri\u00e1n Urreli y del referente de Hacemos en Ca\u00f1uelas, \u201cChino\u201d Farias , Grindetti exigi\u00f3 a la provincia \u201cacompa\u00f1ar los reclamos del campo ante el gobierno nacional y ayudar a destrabar y solucionar problemas que permitan facilitar el desarrollo del sector\u201d.<\/p>\n<p>\u201cS\u00ed Axel se tiene que pelear con el gobierno nacional para defender los intereses de uno de los sectores m\u00e1s pujantes de la econom\u00eda provincial tiene que hacerlo, no puede prevalecer el alineamiento pol\u00edtico e ideol\u00f3gico\u201d , expres\u00f3 Grindetti ante medios locales de la regi\u00f3n.<\/p>\n<p>El titular del ejecutivo lanucense\u00a0 ironiz\u00f3 respecto de la actitud del mandatario provincial y agreg\u00f3:\u00a0 \u201c Hoy se habla mucho de la sequ\u00eda, pero la verdadera sequ\u00eda es en la gesti\u00f3n provincial sin ideas, ni propuestas para el sector de cara a los pr\u00f3ximos cuatro a\u00f1os, el motor de arranque de la econom\u00eda Argentina es el campo, hay que animarse a bajar los impuestos y favorecer todo lo posible las exportaciones\u201d<strong>(VW)<\/strong>.<\/p>\n","protected":false},"excerpt":{"rendered":"<p>Lo hizo durante una recorrida por Lobos y Ca\u00f1uelas, donde se reuni\u00f3 con productores. Comparti\u00f3 un almuerzo con 90 abuelos en el marco del programa \u00abPuentes\u00bb<\/p>\n","protected":false},"author":3,"featured_media":9940,"comment_status":"closed","ping_status":"closed","sticky":false,"template":"","format":"standard","meta":{"_monsterinsights_skip_tracking":false,"_monsterinsights_sitenote_active":false,"_monsterinsights_sitenote_note":"","_monsterinsights_sitenote_category":0,"footnotes":""},"categories":[4],"tags":[1928,399,3219,1637],"class_list":["post-9939","post","type-post","status-publish","format-standard","has-post-thumbnail","hentry","category-politica","tag-canuelas","tag-lobos","tag-productores","tag-sequia"],"_links":{"self":[{"href":"https:\/\/www.visionweb.com.ar\/index.php?rest_route=\/wp\/v2\/posts\/9939","targetHints":{"allow":["GET"]}}],"collection":[{"href":"https:\/\/www.visionweb.com.ar\/index.php?rest_route=\/wp\/v2\/posts"}],"about":[{"href":"https:\/\/www.visionweb.com.ar\/index.php?rest_route=\/wp\/v2\/types\/post"}],"author":[{"embeddable":true,"href":"https:\/\/www.visionweb.com.ar\/index.php?rest_route=\/wp\/v2\/users\/3"}],"replies":[{"embeddable":true,"href":"https:\/\/www.visionweb.com.ar\/index.php?rest_route=%2Fwp%2Fv2%2Fcomments&post=9939"}],"version-history":[{"count":3,"href":"https:\/\/www.visionweb.com.ar\/index.php?rest_route=\/wp\/v2\/posts\/9939\/revisions"}],"predecessor-version":[{"id":9943,"href":"https:\/\/www.visionweb.com.ar\/index.php?rest_route=\/wp\/v2\/posts\/9939\/revisions\/9943"}],"wp:featuredmedia":[{"embeddable":true,"href":"https:\/\/www.visionweb.com.ar\/index.php?rest_route=\/wp\/v2\/media\/9940"}],"wp:attachment":[{"href":"https:\/\/www.visionweb.com.ar\/index.php?rest_route=%2Fwp%2Fv2%2Fmedia&parent=9939"}],"wp:term":[{"taxonomy":"category","embeddable":true,"href":"https:\/\/www.visionweb.com.ar\/index.php?rest_route=%2Fwp%2Fv2%2Fcategories&post=9939"},{"taxonomy":"post_tag","embeddable":true,"href":"https:\/\/www.visionweb.com.ar\/index.php?rest_route=%2Fwp%2Fv2%2Ftags&post=9939"}],"curies":[{"name":"wp","href":"https:\/\/api.w.org\/{rel}","templated":true}]}}