{"id":9933,"date":"2023-03-10T11:54:35","date_gmt":"2023-03-10T14:54:35","guid":{"rendered":"https:\/\/www.visionweb.com.ar\/?p=9933"},"modified":"2023-03-11T10:52:40","modified_gmt":"2023-03-11T13:52:40","slug":"larreta-y-la-eliminacion-del-impuesto-a-las-tarjetas-de-credito","status":"publish","type":"post","link":"https:\/\/www.visionweb.com.ar\/?p=9933","title":{"rendered":"Larreta y la eliminaci\u00f3n del impuesto a las tarjetas de cr\u00e9dito"},"content":{"rendered":"<p><em><strong>Enviar\u00e1 a la Legislatura un proyecto de ley para suprimir el gravamen \u00abde manera inmediata\u00bb.<\/strong><\/em><strong>\u00a0<\/strong><!--more--><\/p>\n<p><strong><img loading=\"lazy\" decoding=\"async\" class=\"size-medium wp-image-9935 alignright\" src=\"https:\/\/www.visionweb.com.ar\/wp-content\/uploads\/2023\/03\/Larreta-5-300x174.jpg\" alt=\"\" width=\"300\" height=\"174\" srcset=\"https:\/\/www.visionweb.com.ar\/wp-content\/uploads\/2023\/03\/Larreta-5-300x174.jpg 300w, https:\/\/www.visionweb.com.ar\/wp-content\/uploads\/2023\/03\/Larreta-5.bmp 349w\" sizes=\"auto, (max-width: 300px) 100vw, 300px\" \/>\u00a0 \u00a0E<\/strong>l Jefe de Gobierno de la Ciudad e Buenos Aires, <strong>Horacio Rodr\u00edguez Larreta<\/strong>, anunci\u00f3 que <strong>eliminar\u00e1 el impuesto a las tarjetas de cr\u00e9dito<\/strong> que hab\u00eda creado para amortizar valores de la quita de fondos coparticipables, y <strong>enviar\u00e1 el proyecto<\/strong> para tratamiento en la Legislatura porte\u00f1a.<\/p>\n<p>En ese sentido, dijo en conferencia de prensa el martes pasado que: \u201cEspero que los bloques en la Legislatura aprueben el proyecto\u201d. Y agreg\u00f3: \u201cAc\u00e1 vamos a bajar los impuestos\u201d.<\/p>\n<p>Este impuesto de Sellos del 1,2% hab\u00eda sido creado en 2021, en torno a la controversia con el Gobierno nacional por los porcentuales de fondos de coparticipaci\u00f3n, que se destinaron a la Provincia.<\/p>\n<p>Y en diciembre 2022 la Corte fall\u00f3 a favor de la Ciudad, aunque a\u00fan el Gobierno de Naci\u00f3n no vislumbra cambios en ese sentido.<\/p>\n<p>El mandatario porte\u00f1o remarc\u00f3 que\u00a0\u00abuna vez que\u00a0el Gobierno le devolviera los fondos a la Capital Federal\u00bb, el gravamen desaparecer\u00eda.<\/p>\n<p>\u00abDije el primer d\u00eda que era un impuesto temporario y que lo \u00edbamos a eliminar apenas la Corte fallara a favor de la autonom\u00eda de la Ciudad\u00bb, repas\u00f3.<\/p>\n<p>Y continu\u00f3: \u00abBueno, la Corte dict\u00f3 el fallo a fin de diciembre. Tuvimos en enero la feria, esperamos un mes m\u00e1s. Pasaron dos meses no vemos ninguna perspectiva de que el Gobierno nacional cumpla\u00bb. <strong>(VW)<\/strong><\/p>\n<p>&nbsp;<\/p>\n","protected":false},"excerpt":{"rendered":"<p>Enviar\u00e1 a la Legislatura un proyecto de ley para suprimir el gravamen \u00abde manera inmediata\u00bb.\u00a0<\/p>\n","protected":false},"author":4,"featured_media":9935,"comment_status":"closed","ping_status":"closed","sticky":false,"template":"","format":"standard","meta":{"_monsterinsights_skip_tracking":false,"_monsterinsights_sitenote_active":false,"_monsterinsights_sitenote_note":"","_monsterinsights_sitenote_category":0,"footnotes":""},"categories":[6,4],"tags":[4132,184,872],"class_list":["post-9933","post","type-post","status-publish","format-standard","has-post-thumbnail","hentry","category-economia","category-politica","tag-eliminacion-impuesto-a-las-tarjetas-proyecto","tag-larreta","tag-legislatura"],"_links":{"self":[{"href":"https:\/\/www.visionweb.com.ar\/index.php?rest_route=\/wp\/v2\/posts\/9933","targetHints":{"allow":["GET"]}}],"collection":[{"href":"https:\/\/www.visionweb.com.ar\/index.php?rest_route=\/wp\/v2\/posts"}],"about":[{"href":"https:\/\/www.visionweb.com.ar\/index.php?rest_route=\/wp\/v2\/types\/post"}],"author":[{"embeddable":true,"href":"https:\/\/www.visionweb.com.ar\/index.php?rest_route=\/wp\/v2\/users\/4"}],"replies":[{"embeddable":true,"href":"https:\/\/www.visionweb.com.ar\/index.php?rest_route=%2Fwp%2Fv2%2Fcomments&post=9933"}],"version-history":[{"count":3,"href":"https:\/\/www.visionweb.com.ar\/index.php?rest_route=\/wp\/v2\/posts\/9933\/revisions"}],"predecessor-version":[{"id":9937,"href":"https:\/\/www.visionweb.com.ar\/index.php?rest_route=\/wp\/v2\/posts\/9933\/revisions\/9937"}],"wp:featuredmedia":[{"embeddable":true,"href":"https:\/\/www.visionweb.com.ar\/index.php?rest_route=\/wp\/v2\/media\/9935"}],"wp:attachment":[{"href":"https:\/\/www.visionweb.com.ar\/index.php?rest_route=%2Fwp%2Fv2%2Fmedia&parent=9933"}],"wp:term":[{"taxonomy":"category","embeddable":true,"href":"https:\/\/www.visionweb.com.ar\/index.php?rest_route=%2Fwp%2Fv2%2Fcategories&post=9933"},{"taxonomy":"post_tag","embeddable":true,"href":"https:\/\/www.visionweb.com.ar\/index.php?rest_route=%2Fwp%2Fv2%2Ftags&post=9933"}],"curies":[{"name":"wp","href":"https:\/\/api.w.org\/{rel}","templated":true}]}}