{"id":9925,"date":"2023-03-10T09:52:56","date_gmt":"2023-03-10T12:52:56","guid":{"rendered":"https:\/\/www.visionweb.com.ar\/?p=9925"},"modified":"2023-03-10T09:52:56","modified_gmt":"2023-03-10T12:52:56","slug":"en-ezeiza-los-granados","status":"publish","type":"post","link":"https:\/\/www.visionweb.com.ar\/?p=9925","title":{"rendered":"En Ezeiza: Los Granados"},"content":{"rendered":"<p><em><strong>El intendente interino e hijo de Alejandro Granados, ser\u00e1 el \u00fanico candidato del Frente de Todos.<\/strong><\/em><!--more--><\/p>\n<div id=\"attachment_9927\" style=\"width: 253px\" class=\"wp-caption alignright\"><img loading=\"lazy\" decoding=\"async\" aria-describedby=\"caption-attachment-9927\" class=\"wp-image-9927 size-full\" src=\"https:\/\/www.visionweb.com.ar\/wp-content\/uploads\/2023\/03\/Gaston-y-Dulce-Granados-en-sep-2022.bmp\" alt=\"\" width=\"243\" height=\"296\" \/><p id=\"caption-attachment-9927\" class=\"wp-caption-text\">Gast\u00f3n y su madre Dulce Granados, en el HCD. Foto archivo octubre 2022<\/p><\/div>\n<p><strong> \u00a0 \u00a0E<\/strong>l Frente de Todos de Ezeiza ya anunci\u00f3 que habr\u00e1 un precandidato a intendente, y sin competir en las PASO buscar\u00e1 retener para el peronismo\u00a0<strong>la comuna que gobierna desde la creaci\u00f3n del distrito de la mano del \u00fanico intendente que conoci\u00f3 en d\u00e9cadas<\/strong>: Alejandro Granados.<\/p>\n<p>El hijo mayor del actual jefe comunal, <strong>Gast\u00f3n Granados<\/strong>, actual<strong> titular del club Trist\u00e1n Su\u00e1rez<\/strong><strong>\u00a0<\/strong>que milita en la Nacional, a la vez <strong>es intendente interino a causa de la licencia que tom\u00f3 su padre<\/strong>.<\/p>\n<p>\u201cVoy por mi primera elecci\u00f3n, estoy como intendente interino, y <strong>voy a ser el \u00fanico candidato del Frente de Todos<\/strong><strong>\u00a0<\/strong>en Ezeiza\u201d, indic\u00f3 <strong>Gast\u00f3n,\u00a0<\/strong>en declaraciones a Infocielo.<\/p>\n<p>Los Granados:<\/p>\n<p>En Ezeiza Alejandro Granados, conocido como el Sheriff, gobierna desde 1995, momento en el municipio fue creado a ra\u00edz de la decisi\u00f3n del entonces gobernador\u00a0<strong>Eduardo Duhalde de multiplicar distritos e intendencias peronistas,<\/strong>\u00a0para lo cual impuls\u00f3 la divisi\u00f3n de Esteban Echeverr\u00eda y San Vicente, de donde nacieron Presidente Per\u00f3n y Ezeiza.<\/p>\n<p>Desde entonces, Alejandro Granados, tambi\u00e9n titular del c\u00e9lebre restor\u00e1n El Mangrullo, ocup\u00f3 el palacio municipal y\u00a0<strong>s\u00f3lo se ausent\u00f3 para cumplir otras funciones como su paso por el Ministerio de Seguridad<\/strong><strong>\u00a0<\/strong>durante la gesti\u00f3n de Daniel Scioli.<\/p>\n<p><strong>Luego de seis reelecciones consecutivas, y con 71 a\u00f1os, parece ser que el patriarca Granados podr\u00e1 dar su paso al costado.<\/strong><strong>\u00a0<\/strong><\/p>\n<p>A la vez, su esposa Dulce Granados, exdiputada y actual titular del Concejo Deliberante, y su primog\u00e9nito Gast\u00f3n continuar\u00e1n en actividad oficialista. <strong>(VW)<\/strong><\/p>\n<p>&nbsp;<\/p>\n","protected":false},"excerpt":{"rendered":"<p>El intendente interino e hijo de Alejandro Granados, ser\u00e1 el \u00fanico candidato del Frente de Todos.<\/p>\n","protected":false},"author":4,"featured_media":9927,"comment_status":"closed","ping_status":"closed","sticky":false,"template":"","format":"standard","meta":{"_monsterinsights_skip_tracking":false,"_monsterinsights_sitenote_active":false,"_monsterinsights_sitenote_note":"","_monsterinsights_sitenote_category":0,"footnotes":""},"categories":[4],"tags":[4129,661,4130,4127,4128],"class_list":["post-9925","post","type-post","status-publish","format-standard","has-post-thumbnail","hentry","category-politica","tag-alejandro-granados","tag-ezeiza","tag-gaston-granados","tag-intendente","tag-sin-paso"],"_links":{"self":[{"href":"https:\/\/www.visionweb.com.ar\/index.php?rest_route=\/wp\/v2\/posts\/9925","targetHints":{"allow":["GET"]}}],"collection":[{"href":"https:\/\/www.visionweb.com.ar\/index.php?rest_route=\/wp\/v2\/posts"}],"about":[{"href":"https:\/\/www.visionweb.com.ar\/index.php?rest_route=\/wp\/v2\/types\/post"}],"author":[{"embeddable":true,"href":"https:\/\/www.visionweb.com.ar\/index.php?rest_route=\/wp\/v2\/users\/4"}],"replies":[{"embeddable":true,"href":"https:\/\/www.visionweb.com.ar\/index.php?rest_route=%2Fwp%2Fv2%2Fcomments&post=9925"}],"version-history":[{"count":2,"href":"https:\/\/www.visionweb.com.ar\/index.php?rest_route=\/wp\/v2\/posts\/9925\/revisions"}],"predecessor-version":[{"id":9928,"href":"https:\/\/www.visionweb.com.ar\/index.php?rest_route=\/wp\/v2\/posts\/9925\/revisions\/9928"}],"wp:featuredmedia":[{"embeddable":true,"href":"https:\/\/www.visionweb.com.ar\/index.php?rest_route=\/wp\/v2\/media\/9927"}],"wp:attachment":[{"href":"https:\/\/www.visionweb.com.ar\/index.php?rest_route=%2Fwp%2Fv2%2Fmedia&parent=9925"}],"wp:term":[{"taxonomy":"category","embeddable":true,"href":"https:\/\/www.visionweb.com.ar\/index.php?rest_route=%2Fwp%2Fv2%2Fcategories&post=9925"},{"taxonomy":"post_tag","embeddable":true,"href":"https:\/\/www.visionweb.com.ar\/index.php?rest_route=%2Fwp%2Fv2%2Ftags&post=9925"}],"curies":[{"name":"wp","href":"https:\/\/api.w.org\/{rel}","templated":true}]}}