{"id":9919,"date":"2023-03-10T08:36:28","date_gmt":"2023-03-10T11:36:28","guid":{"rendered":"https:\/\/www.visionweb.com.ar\/?p=9919"},"modified":"2023-03-10T08:49:44","modified_gmt":"2023-03-10T11:49:44","slug":"9919","status":"publish","type":"post","link":"https:\/\/www.visionweb.com.ar\/?p=9919","title":{"rendered":"Morales: \u00abA la gente se la saca de la pobreza con producci\u00f3n y trabajo\u00bb"},"content":{"rendered":"<p><em><strong>Morales en Jujuy logr\u00f3 conformar un frente con 26 partidos, sumado al Justicialismo que permiti\u00f3 sancionar 37 leyes entre el 10 y el 31 de diciembre.<\/strong><\/em>\u00a0 <!--more--><\/p>\n<div id=\"attachment_9920\" style=\"width: 310px\" class=\"wp-caption alignright\"><img loading=\"lazy\" decoding=\"async\" aria-describedby=\"caption-attachment-9920\" class=\"wp-image-9920 size-medium\" src=\"https:\/\/www.visionweb.com.ar\/wp-content\/uploads\/2023\/03\/ABAD-BURYAILE-COBOS-MORALES-300x162.jpeg\" alt=\"\" width=\"300\" height=\"162\" srcset=\"https:\/\/www.visionweb.com.ar\/wp-content\/uploads\/2023\/03\/ABAD-BURYAILE-COBOS-MORALES-300x162.jpeg 300w, https:\/\/www.visionweb.com.ar\/wp-content\/uploads\/2023\/03\/ABAD-BURYAILE-COBOS-MORALES.jpeg 640w\" sizes=\"auto, (max-width: 300px) 100vw, 300px\" \/><p id=\"caption-attachment-9920\" class=\"wp-caption-text\"><em><strong>Julio Cobos, Ricardo Buryaile, Gerardo Morales y Maximiliano Abad en la rueda de prensa en el marco de ExpoAgro YPF 2023 (Foto: del autor)<\/strong><\/em><\/p><\/div>\n<p><strong>\u00a0 \u00a0 \u00a0 A<\/strong> pocos d\u00edas de su lanzamiento como pre candidato a la presidencia de la naci\u00f3n por la alianza UCR Juntos por el Cambio, el gobernador de Jujuy, Gerardo Morales, asegur\u00f3 que \u201clo \u00fanico que\u00a0 puede sacar a la gente de la pobreza y terminar con los planes sociales es la producci\u00f3n y el trabajo\u201d<\/p>\n<p>Morales, acompa\u00f1ado por los diputados nacionales, Ricardo Buryaile (Formosa), Julio Cobos (Mendoza) y el diputado bonaerense Maximilano Abad, dio estas precisiones en una charla que mantuvo con los periodistas acreditados en la edici\u00f3n 2023 de Expoagro YPF, en San Nicol\u00e1s.<\/p>\n<p>\u201cLa semana que viene me lanzo como pre candidato de los argentinos con un radicalismo fuerte y, les digo a los correligionarios y correligionarias: No se dejen confundir con la espuma de las encuestas y trabajemos definitivamente por un plan, porque adem\u00e1s tenemos un Partido que le aporta federalismo a Juntos por el Cambio\u201d, enfatiz\u00f3 el titular de la UCR nacional.<\/p>\n<p>Por otra parte, Morales consider\u00f3 que el pr\u00f3ximo Presidente que necesita la Argentina, debe ser un l\u00edder que \u201ctenga experiencia, car\u00e1cter, capacidad de gesti\u00f3n con una fuerza colectiva y un programa de gobierno y sobre todo, en mi opini\u00f3n, que crea en el di\u00e1logo\u201d, explic\u00f3.<\/p>\n<p>Con referencia a las bancadas en el parlamento, ironiz\u00f3: \u201cNo aspiro a tener el 70%, denme el 51% \u00a0y van a ver lo que se puede hacer en el Congreso. Tenemos que ir por el camino que nos permita aprobar las leyes que el pa\u00eds necesita para transformarlo lo \u00a0m\u00e1s pronto posible\u201d.<\/p>\n<p>Record\u00f3 asimismo que en su provincia natal, Jujuy, logr\u00f3 conformar un frete pol\u00edtico con 26 partidos, que incluy\u00f3 al peronismo y: \u201cAprobamos desde el 10 de diciembre\u00a0 al 31 de diciembre 37 leyes que marcaron el rumbo de la transformaci\u00f3n de nuestra provincia, que termin\u00f3 con el caos, \u00a0los cortes de rutas. Y lo que est\u00e1 preso en la Provincia es la corrupci\u00f3n\u201d, precis\u00f3.<\/p>\n<p>A modo de discurso en campa\u00f1a, el gobernador juje\u00f1o asegur\u00f3 a los periodistas que: \u201cLe decimos al pueblo argentino\u00a0 que la \u00fanica fuerza pol\u00edtica que est\u00e1 en condiciones de reemplazar al Frente de Todos y gobernar a este pa\u00eds \u00a0es Juntos por el Cambio, los dem\u00e1s son saltos al vac\u00edo\u201d, pronostic\u00f3.<\/p>\n<p><strong>Las internas<\/strong><\/p>\n<p>\u201cHay Paso y si no lo hubiera, hay primarias. Ac\u00e1 est\u00e1 Julio (Cobos) que es el que m\u00e1s lo sabe. Est\u00e1n Alfredo Cornejo, Luis Petri, seguramente Alfredo volver\u00e1 a ser gobernador. En C\u00f3rdoba aparece una pareja con Luis Juez y Rodrigo Di Loredo que es nuestro candidato. La verdad es que el radicalismo le est\u00e1 aportando muy bien a JxC, adem\u00e1s en el 70 por ciento de las provincias argentinas, los candidatos que m\u00e1s miden y empujan son los del radicalismo. Necesitamos un radicalismo unido para que tengamos un candidato radical. De hecho, la semana pr\u00f3xima anunciar\u00e9 formalmente mi lanzamiento para la campa\u00f1a como futuro presidente\u201d.<\/p>\n<p>En cuanto a las propuestas para el sector productivo, el gobernador expuso su proyecto: \u201cObviamente tenemos un plan que va a ser muy disruptivo\u201d, enunci\u00f3 y enumer\u00f3 sus prioridades: \u201cVamos a cambiar alguna legislaci\u00f3n laboral en el caso de la peque\u00f1a y mediana empresa; con una serie de medidas sobre la macro que es lo primero que hay que ordenar, como bajar la inflaci\u00f3n y ordenar la econom\u00eda\u201d.<\/p>\n<p>Adem\u00e1s, Morales asegur\u00f3 que su grupo de trabajo ya avanz\u00f3 en temas como los subsidios. \u201cTambi\u00e9n sobre estos ya tenemos un plan. Lo importante es apuntar mucho m\u00e1s a la previsibilidad. En este sentido, una de las claves para el campo es unificar el tipo de cambio, esa es nuestra premisa\u201d, concluy\u00f3 (<strong>VW)<\/strong><\/p>\n<p>&nbsp;<\/p>\n<p>&nbsp;<\/p>\n<p>&nbsp;<\/p>\n","protected":false},"excerpt":{"rendered":"<p>Morales en Jujuy logr\u00f3 conformar un frente con 26 partidos, sumado al Justicialismo que permiti\u00f3 sancionar 37 leyes entre el 10 y el 31 de diciembre.\u00a0<\/p>\n","protected":false},"author":3,"featured_media":9920,"comment_status":"closed","ping_status":"closed","sticky":false,"template":"","format":"standard","meta":{"_monsterinsights_skip_tracking":false,"_monsterinsights_sitenote_active":false,"_monsterinsights_sitenote_note":"","_monsterinsights_sitenote_category":0,"footnotes":""},"categories":[4],"tags":[1315,2122,33,4126],"class_list":["post-9919","post","type-post","status-publish","format-standard","has-post-thumbnail","hentry","category-politica","tag-lanzamiento","tag-planes-sociales","tag-produccion","tag-programa-de-gobierno"],"_links":{"self":[{"href":"https:\/\/www.visionweb.com.ar\/index.php?rest_route=\/wp\/v2\/posts\/9919","targetHints":{"allow":["GET"]}}],"collection":[{"href":"https:\/\/www.visionweb.com.ar\/index.php?rest_route=\/wp\/v2\/posts"}],"about":[{"href":"https:\/\/www.visionweb.com.ar\/index.php?rest_route=\/wp\/v2\/types\/post"}],"author":[{"embeddable":true,"href":"https:\/\/www.visionweb.com.ar\/index.php?rest_route=\/wp\/v2\/users\/3"}],"replies":[{"embeddable":true,"href":"https:\/\/www.visionweb.com.ar\/index.php?rest_route=%2Fwp%2Fv2%2Fcomments&post=9919"}],"version-history":[{"count":4,"href":"https:\/\/www.visionweb.com.ar\/index.php?rest_route=\/wp\/v2\/posts\/9919\/revisions"}],"predecessor-version":[{"id":9924,"href":"https:\/\/www.visionweb.com.ar\/index.php?rest_route=\/wp\/v2\/posts\/9919\/revisions\/9924"}],"wp:featuredmedia":[{"embeddable":true,"href":"https:\/\/www.visionweb.com.ar\/index.php?rest_route=\/wp\/v2\/media\/9920"}],"wp:attachment":[{"href":"https:\/\/www.visionweb.com.ar\/index.php?rest_route=%2Fwp%2Fv2%2Fmedia&parent=9919"}],"wp:term":[{"taxonomy":"category","embeddable":true,"href":"https:\/\/www.visionweb.com.ar\/index.php?rest_route=%2Fwp%2Fv2%2Fcategories&post=9919"},{"taxonomy":"post_tag","embeddable":true,"href":"https:\/\/www.visionweb.com.ar\/index.php?rest_route=%2Fwp%2Fv2%2Ftags&post=9919"}],"curies":[{"name":"wp","href":"https:\/\/api.w.org\/{rel}","templated":true}]}}