{"id":9916,"date":"2023-03-10T07:50:06","date_gmt":"2023-03-10T10:50:06","guid":{"rendered":"https:\/\/www.visionweb.com.ar\/?p=9916"},"modified":"2023-03-11T10:53:42","modified_gmt":"2023-03-11T13:53:42","slug":"el-gobierno-autorizo-la-importancion-de-las-pistolas-taser","status":"publish","type":"post","link":"https:\/\/www.visionweb.com.ar\/?p=9916","title":{"rendered":"El Gobierno autoriz\u00f3 la importaci\u00f3n de las pistolas Taser"},"content":{"rendered":"<p><em><strong>Lo decidi\u00f3 la Agencia Nacional de Materiales Controlados y fue confirmado por el jefe de Gabinete porte\u00f1o, Felipe Miguel. Son 60 pistolas.<\/strong><\/em><!--more--><\/p>\n<div id=\"attachment_9917\" style=\"width: 310px\" class=\"wp-caption alignright\"><img loading=\"lazy\" decoding=\"async\" aria-describedby=\"caption-attachment-9917\" class=\"wp-image-9917 size-medium\" src=\"https:\/\/www.visionweb.com.ar\/wp-content\/uploads\/2023\/03\/TASER-300x183.png\" alt=\"\" width=\"300\" height=\"183\" srcset=\"https:\/\/www.visionweb.com.ar\/wp-content\/uploads\/2023\/03\/TASER-300x183.png 300w, https:\/\/www.visionweb.com.ar\/wp-content\/uploads\/2023\/03\/TASER.png 640w\" sizes=\"auto, (max-width: 300px) 100vw, 300px\" \/><p id=\"caption-attachment-9917\" class=\"wp-caption-text\">Despu\u00e9s de casi cuatro a\u00f1os, el gobierno federal autoriz\u00f3 la importaci\u00f3n de estas armas no letales (Foto: Internet)<\/p><\/div>\n<p><strong>\u00a0 \u00a0 \u00a0 \u00a0 \u00a0E<\/strong>l Gobierno nacional autoriz\u00f3 el ingreso al pa\u00eds de 60 pistolas Taser que compr\u00f3 la Ciudad de Buenos Aires para la Polic\u00eda porte\u00f1a, un conflicto que se viene arrastrando desde hace muchos meses.<\/p>\n<p>\u201cConfirmo que finalmente ANMAC autoriz\u00f3 la importaci\u00f3n de pistolas Taser a CABA\u201d, indic\u00f3 este jueves el jefe de Gabinete porte\u00f1o, Felipe Miguel.<\/p>\n<p>Fue la Agencia Nacional de Materiales Controlados (ANMAC) la que aprob\u00f3 la importaci\u00f3n de esas armas no letales que el Gobierno porte\u00f1o reclama poder usar desde hace tiempo.<\/p>\n<p>La Polic\u00eda Federal tambi\u00e9n tramita la compra de pistolas electr\u00f3nicas, seg\u00fan confirm\u00f3 semanas atr\u00e1s el ministro de Seguridad de la Naci\u00f3n, An\u00edbal Fern\u00e1ndez.<\/p>\n<p>De acuerdo con la informaci\u00f3n oficial, el Gobierno nacional compr\u00f3 100 pistolas Taser que ser\u00e1n destinadas a grupos especiales de las fuerzas federales., se asegur\u00f3 desde fuentes oficiales.<\/p>\n<p>Desde la cartera de Seguridad indicaron que la compra se materializ\u00f3 por contrataci\u00f3n directa con una empresa que tom\u00f3 en parte de pago un lote de ese tipo de armas electr\u00f3nicas que hab\u00eda sido adquirido en el 2019 por la entonces ministra Patricia Bullrich y que hab\u00eda quedado en desuso por tratarse de pistolas de un solo cartucho, que no cuentan con emisi\u00f3n de advertencia ni c\u00e1maras incorporadas.<\/p>\n<p>El debate en torno a las pistolas volvi\u00f3 a instalarse luego de la muerte de la oficial de la Polic\u00eda de la Ciudad de Buenos Aires, Maribel Zalazar, en la estaci\u00f3n Retiro de la l\u00ednea C del subte.<\/p>\n<p>Luego de ese episodio, desde la Ciudad reclamaron la llegada de 60 pistolas Taser que compraron para la fuerza de unos 32.000 agentes que se desempe\u00f1an en el territorio.<\/p>\n<p>Las Taser son armas electr\u00f3nicas que se regulan y controlan por la Ley de Armas y Explosivos de 1975 (20.429) y los decretos 395\/1975 y 1039\/1989, agregaron desde la cartera de Seguridad.<\/p>\n<p>Estas pistolas ser\u00e1n destinadas a los grupos especializados de cada fuerza federal, como el Albatros de Prefectura, el Alacr\u00e1n de Gendarmer\u00eda, los Grupos T\u00e1cticos de la Polic\u00eda de Seguridad Aeroportuaria, las Unidades t\u00e1cticas de Intervenci\u00f3n Federal y el GEOF de la Polic\u00eda Federal Argentina.<\/p>\n<p>Para el uso de estas armas, los agentes deben cumplir con el \u201cprotocolo de actuaci\u00f3n para la utilizaci\u00f3n de Dispositivos Electr\u00f3nicos de Inmovilizaci\u00f3n Moment\u00e1nea (DEIM) de baja letalidad\u201d, vigente desde la gesti\u00f3n de la antecesora de Fern\u00e1ndez, Sabina Frederic. <strong>(VW)<\/strong><\/p>\n","protected":false},"excerpt":{"rendered":"<p>Lo decidi\u00f3 la Agencia Nacional de Materiales Controlados y fue confirmado por el jefe de Gabinete porte\u00f1o, Felipe Miguel. Son 60 pistolas.<\/p>\n","protected":false},"author":3,"featured_media":9917,"comment_status":"closed","ping_status":"closed","sticky":false,"template":"","format":"standard","meta":{"_monsterinsights_skip_tracking":false,"_monsterinsights_sitenote_active":false,"_monsterinsights_sitenote_note":"","_monsterinsights_sitenote_category":0,"footnotes":""},"categories":[8],"tags":[4124,4125,4123],"class_list":["post-9916","post","type-post","status-publish","format-standard","has-post-thumbnail","hentry","category-interes-general","tag-federales","tag-fuerzas-de-seguridad","tag-pistolas"],"_links":{"self":[{"href":"https:\/\/www.visionweb.com.ar\/index.php?rest_route=\/wp\/v2\/posts\/9916","targetHints":{"allow":["GET"]}}],"collection":[{"href":"https:\/\/www.visionweb.com.ar\/index.php?rest_route=\/wp\/v2\/posts"}],"about":[{"href":"https:\/\/www.visionweb.com.ar\/index.php?rest_route=\/wp\/v2\/types\/post"}],"author":[{"embeddable":true,"href":"https:\/\/www.visionweb.com.ar\/index.php?rest_route=\/wp\/v2\/users\/3"}],"replies":[{"embeddable":true,"href":"https:\/\/www.visionweb.com.ar\/index.php?rest_route=%2Fwp%2Fv2%2Fcomments&post=9916"}],"version-history":[{"count":2,"href":"https:\/\/www.visionweb.com.ar\/index.php?rest_route=\/wp\/v2\/posts\/9916\/revisions"}],"predecessor-version":[{"id":9938,"href":"https:\/\/www.visionweb.com.ar\/index.php?rest_route=\/wp\/v2\/posts\/9916\/revisions\/9938"}],"wp:featuredmedia":[{"embeddable":true,"href":"https:\/\/www.visionweb.com.ar\/index.php?rest_route=\/wp\/v2\/media\/9917"}],"wp:attachment":[{"href":"https:\/\/www.visionweb.com.ar\/index.php?rest_route=%2Fwp%2Fv2%2Fmedia&parent=9916"}],"wp:term":[{"taxonomy":"category","embeddable":true,"href":"https:\/\/www.visionweb.com.ar\/index.php?rest_route=%2Fwp%2Fv2%2Fcategories&post=9916"},{"taxonomy":"post_tag","embeddable":true,"href":"https:\/\/www.visionweb.com.ar\/index.php?rest_route=%2Fwp%2Fv2%2Ftags&post=9916"}],"curies":[{"name":"wp","href":"https:\/\/api.w.org\/{rel}","templated":true}]}}