{"id":9914,"date":"2023-03-10T07:39:28","date_gmt":"2023-03-10T10:39:28","guid":{"rendered":"https:\/\/www.visionweb.com.ar\/?p=9914"},"modified":"2023-03-09T15:49:04","modified_gmt":"2023-03-09T18:49:04","slug":"ola-de-calor-grindetti-reclama-a-la-provincia-soluciones-para-no-suspender-las-clases","status":"publish","type":"post","link":"https:\/\/www.visionweb.com.ar\/?p=9914","title":{"rendered":"Ola de calor: Grindetti reclama a la provincia soluciones para no suspender las clases"},"content":{"rendered":"<p><em><strong>El pre candidato a gobernador insiste en que las escuelas se deben descentralizar y pasar mano de los municipios-.<\/strong><\/em> <!--more--><\/p>\n<p><strong><img loading=\"lazy\" decoding=\"async\" class=\"size-medium wp-image-9040 alignright\" src=\"https:\/\/www.visionweb.com.ar\/wp-content\/uploads\/2023\/01\/smn-ola-de-calor-300x227.jpg\" alt=\"\" width=\"300\" height=\"227\" srcset=\"https:\/\/www.visionweb.com.ar\/wp-content\/uploads\/2023\/01\/smn-ola-de-calor-300x227.jpg 300w, https:\/\/www.visionweb.com.ar\/wp-content\/uploads\/2023\/01\/smn-ola-de-calor.bmp 556w\" sizes=\"auto, (max-width: 300px) 100vw, 300px\" \/>E<\/strong>n sus redes sociales el jefe comunal lanusense, N\u00e9stor Grindetti, se refiri\u00f3 al d\u00e9ficit de ventiladores y mobiliario urbano en las escuelas p\u00fablicas de Lan\u00fas que imposibilita el normal dictado de clases en el marco de la ola de calor que vive el conurbano\u00a0bonaerense con temperaturas que superar los 30\u00b0.<\/p>\n<p>Asimismo, volvi\u00f3 a pedir la descentralizaci\u00f3n de la educaci\u00f3n en los municipios y record\u00f3 que\u00a0\u00aben octubre de 2022 el Consejo Escolar le pidi\u00f3 a la provincia la compra de 1.300 ventiladores. El 4 de marzo de \u00e9ste a\u00f1o le envi\u00f3 4 millones de pesos, que es equivalente a 100 artefactos \u00ab, inici\u00f3 el hilo de tuis, Grindetti.<\/p>\n<p>\u00ab\u00bfC\u00f3mo termina la historia? El Municipio tiene que salir a comprar los ventiladores que le faltan a las escuelas que depende del gobierno provincial\u00bb, a\u00f1adi\u00f3<\/p>\n<p>\u00abPregunto: \u00bfNo es m\u00e1s f\u00e1cil que la responsabilidad y los recursos sean directamente del Municipio?\u00bb, finaliz\u00f3 Grindetti.<\/p>\n<p>El jefe comunal PRO y precandidato a gobernador, N\u00e9stor Grindetti viene bregando por la descentralizaci\u00f3n de las \u00e1reas de educaci\u00f3n, seguridad y salud en los municipios como parte de sus propuestas de campa\u00f1a para lograr mayor eficacia en la gesti\u00f3n cotidiana de los problemas y una b\u00fasqueda m\u00e1s r\u00e1pida de soluciones<strong>(VW)<\/strong>.<\/p>\n","protected":false},"excerpt":{"rendered":"<p>El pre candidato a gobernador insiste en que las escuelas se deben descentralizar y pasar mano de los municipios-.<\/p>\n","protected":false},"author":3,"featured_media":9040,"comment_status":"closed","ping_status":"closed","sticky":false,"template":"","format":"standard","meta":{"_monsterinsights_skip_tracking":false,"_monsterinsights_sitenote_active":false,"_monsterinsights_sitenote_note":"","_monsterinsights_sitenote_category":0,"footnotes":""},"categories":[7],"tags":[144,430,14,4122],"class_list":["post-9914","post","type-post","status-publish","format-standard","has-post-thumbnail","hentry","category-educacion-y-cultura","tag-compras","tag-escuelas","tag-municipio","tag-ventiladores"],"_links":{"self":[{"href":"https:\/\/www.visionweb.com.ar\/index.php?rest_route=\/wp\/v2\/posts\/9914","targetHints":{"allow":["GET"]}}],"collection":[{"href":"https:\/\/www.visionweb.com.ar\/index.php?rest_route=\/wp\/v2\/posts"}],"about":[{"href":"https:\/\/www.visionweb.com.ar\/index.php?rest_route=\/wp\/v2\/types\/post"}],"author":[{"embeddable":true,"href":"https:\/\/www.visionweb.com.ar\/index.php?rest_route=\/wp\/v2\/users\/3"}],"replies":[{"embeddable":true,"href":"https:\/\/www.visionweb.com.ar\/index.php?rest_route=%2Fwp%2Fv2%2Fcomments&post=9914"}],"version-history":[{"count":1,"href":"https:\/\/www.visionweb.com.ar\/index.php?rest_route=\/wp\/v2\/posts\/9914\/revisions"}],"predecessor-version":[{"id":9915,"href":"https:\/\/www.visionweb.com.ar\/index.php?rest_route=\/wp\/v2\/posts\/9914\/revisions\/9915"}],"wp:featuredmedia":[{"embeddable":true,"href":"https:\/\/www.visionweb.com.ar\/index.php?rest_route=\/wp\/v2\/media\/9040"}],"wp:attachment":[{"href":"https:\/\/www.visionweb.com.ar\/index.php?rest_route=%2Fwp%2Fv2%2Fmedia&parent=9914"}],"wp:term":[{"taxonomy":"category","embeddable":true,"href":"https:\/\/www.visionweb.com.ar\/index.php?rest_route=%2Fwp%2Fv2%2Fcategories&post=9914"},{"taxonomy":"post_tag","embeddable":true,"href":"https:\/\/www.visionweb.com.ar\/index.php?rest_route=%2Fwp%2Fv2%2Ftags&post=9914"}],"curies":[{"name":"wp","href":"https:\/\/api.w.org\/{rel}","templated":true}]}}