{"id":9905,"date":"2023-03-09T13:36:00","date_gmt":"2023-03-09T16:36:00","guid":{"rendered":"https:\/\/www.visionweb.com.ar\/?p=9905"},"modified":"2023-03-09T13:36:00","modified_gmt":"2023-03-09T16:36:00","slug":"presentan-proyecto-de-ley-para-reconocer-a-las-cocineras-comunitarias","status":"publish","type":"post","link":"https:\/\/www.visionweb.com.ar\/?p=9905","title":{"rendered":"Presentan proyecto de ley para reconocer a las Cocineras Comunitarias"},"content":{"rendered":"<p><em><strong>Buscan dignificar el trabajo de m\u00e1s de 70 mil cocineras que alimentan a millones de personas en todo el pa\u00eds. Se presentaron ayer frente al Congreso de la Naci\u00f3n, con la participaci\u00f3n de integrantes de La Poderosa y otras organizaciones sociales.<\/strong><\/em><!--more--><\/p>\n<p><strong><img loading=\"lazy\" decoding=\"async\" class=\"size-medium wp-image-9907 alignright\" src=\"https:\/\/www.visionweb.com.ar\/wp-content\/uploads\/2023\/03\/cocineras-comunitarias-300x154.jpg\" alt=\"\" width=\"300\" height=\"154\" srcset=\"https:\/\/www.visionweb.com.ar\/wp-content\/uploads\/2023\/03\/cocineras-comunitarias-300x154.jpg 300w, https:\/\/www.visionweb.com.ar\/wp-content\/uploads\/2023\/03\/cocineras-comunitarias.bmp 447w\" sizes=\"auto, (max-width: 300px) 100vw, 300px\" \/>L<\/strong>a organizaci\u00f3n social latinoamericana <strong>La Poderosa<\/strong> present\u00f3 ayer mi\u00e9rcoles 8 de marzo un proyecto de ley de <strong>reconocimiento salarial a todas las cocineras comunitarias <\/strong>que sostienen ollas populares, comedores y merenderos de todo el pa\u00eds.<\/p>\n<p>Fue en coincidencia con el <strong>D\u00eda de las Mujeres Trabajadoras<\/strong> y la elecci\u00f3n de la fecha no obr\u00f3 como casual: \u00abSon, mayoritariamente, mujeres y disidencias que destinan hasta 8 horas diarias a cocinar para millones de personas\u00bb, indic\u00f3 la organizaci\u00f3n.<\/p>\n<p>La iniciativa contempla un ingreso que tenga como piso el Salario M\u00ednimo, Vital y M\u00f3vil, vacaciones, jubilaci\u00f3n y seguridad social.<\/p>\n<p>De esta manera, en el marco del 8M, a las 11 se hizo la presentaci\u00f3n frente al Congreso de la Naci\u00f3n, en una conferencia de prensa que cont\u00f3 con la participaci\u00f3n de <strong>integrantes de La Poderosa y de otras organizaciones sociales, junto a representantes del parlamento nacional<\/strong>.<\/p>\n<p>Se estima que el proyecto abarcar\u00eda aproximadamente 70 mil personas que trabajan en comedores y merenderos para alimentar a una poblaci\u00f3n de 10 millones.<\/p>\n<p>La inversi\u00f3n social requerida representar\u00eda un presupuesto global equivalente a menos del 0,07% del PBI nacional, el 10% de lo destinado a servicios de inteligencia o al 0,14% de los servicios de deuda previstos en el presupuesto 2023.<\/p>\n<p>Claudia Albornoz, referente de La Poderosa en barrio Chalet de la ciudad de Santa Fe, hab\u00eda anticipado detalles de este proyecto durante la \u00faltima presentaci\u00f3n, junto a Unicef Argentina, de los resultados del monitoreo sobre la situaci\u00f3n de ni\u00f1as, ni\u00f1os y adolescentes en el pa\u00eds.<\/p>\n<p>En esa presentaci\u00f3n se concluy\u00f3 en que 2 de cada 3 chicos est\u00e1n privados de derechos b\u00e1sicos. Y se repasaron acciones comunitarias destinadas a paliar esta situaci\u00f3n.<\/p>\n<p>En ese marco, cobran relevancia los roles de la\u00a0<strong>cocina, limpieza y cuidado de ni\u00f1os, ni\u00f1as y adolescentes, que son<\/strong><strong>\u00a0<\/strong>hist\u00f3ricamente vinculados a las mujeres, no solo en los hogares, sino en distintos tipos de comunidades donde abunda la pobreza y son actividades<strong> que se realizan a diario y no tienen ning\u00fan tipo de derecho<\/strong><strong>\u00a0<\/strong>garantizado.<\/p>\n<p>\u201cMayormente,\u00a0<strong>las personas que vienen a nuestros espacios alimentarios son ni\u00f1eces o ancianos. No es solamente garantizar la olla, sino que es hacer un acompa\u00f1amiento de cuerpo a cuerpo<\/strong><strong>\u00a0<\/strong>que en pandemia subi\u00f3 mucho porque las cocineras comunitarias tambi\u00e9n eran las promotoras de g\u00e9nero\u201d, sostuvo Johana Ibarrola, referente de la Villa 31, desde la\u00a0<strong>carpa de La Garganta Poderosa frente al Congreso.<\/strong><\/p>\n<p>Seg\u00fan el Registro Nacional de Comedores y Merenderos Comunitarios (ReNaCom) del Ministerio de Desarrollo de la Naci\u00f3n,<strong>\u00a0<\/strong><strong>hay 5.000 comedores en los barrios populares<\/strong><strong>\u00a0<\/strong>a nivel nacional, pero hay muchos otros que no est\u00e1n incluidos en esa cifra.<\/p>\n<p><strong>M\u00e1s del 80% de personas que garantizan comida en los barrios son mujeres y sus disidencias.<\/strong><strong>\u00a0<\/strong>Por eso este reclamo intentar\u00e1 escalar de las calles hacia los votos necesarios en las c\u00e1maras legislativas para volver ley ese derecho. <strong>(VW)<\/strong><\/p>\n<p>&nbsp;<\/p>\n","protected":false},"excerpt":{"rendered":"<p>Buscan dignificar el trabajo de m\u00e1s de 70 mil cocineras que alimentan a millones de personas en todo el pa\u00eds. Se presentaron ayer frente al Congreso de la Naci\u00f3n, con la participaci\u00f3n de integrantes&#46;&#46;&#46;<\/p>\n","protected":false},"author":4,"featured_media":9907,"comment_status":"closed","ping_status":"closed","sticky":false,"template":"","format":"standard","meta":{"_monsterinsights_skip_tracking":false,"_monsterinsights_sitenote_active":false,"_monsterinsights_sitenote_note":"","_monsterinsights_sitenote_category":0,"footnotes":""},"categories":[5],"tags":[4116,4118,789,4117],"class_list":["post-9905","post","type-post","status-publish","format-standard","has-post-thumbnail","hentry","category-sociedad","tag-cocineras-comunitarias","tag-la-poderosa","tag-proyecto-de-ley","tag-reconocimiento"],"_links":{"self":[{"href":"https:\/\/www.visionweb.com.ar\/index.php?rest_route=\/wp\/v2\/posts\/9905","targetHints":{"allow":["GET"]}}],"collection":[{"href":"https:\/\/www.visionweb.com.ar\/index.php?rest_route=\/wp\/v2\/posts"}],"about":[{"href":"https:\/\/www.visionweb.com.ar\/index.php?rest_route=\/wp\/v2\/types\/post"}],"author":[{"embeddable":true,"href":"https:\/\/www.visionweb.com.ar\/index.php?rest_route=\/wp\/v2\/users\/4"}],"replies":[{"embeddable":true,"href":"https:\/\/www.visionweb.com.ar\/index.php?rest_route=%2Fwp%2Fv2%2Fcomments&post=9905"}],"version-history":[{"count":2,"href":"https:\/\/www.visionweb.com.ar\/index.php?rest_route=\/wp\/v2\/posts\/9905\/revisions"}],"predecessor-version":[{"id":9908,"href":"https:\/\/www.visionweb.com.ar\/index.php?rest_route=\/wp\/v2\/posts\/9905\/revisions\/9908"}],"wp:featuredmedia":[{"embeddable":true,"href":"https:\/\/www.visionweb.com.ar\/index.php?rest_route=\/wp\/v2\/media\/9907"}],"wp:attachment":[{"href":"https:\/\/www.visionweb.com.ar\/index.php?rest_route=%2Fwp%2Fv2%2Fmedia&parent=9905"}],"wp:term":[{"taxonomy":"category","embeddable":true,"href":"https:\/\/www.visionweb.com.ar\/index.php?rest_route=%2Fwp%2Fv2%2Fcategories&post=9905"},{"taxonomy":"post_tag","embeddable":true,"href":"https:\/\/www.visionweb.com.ar\/index.php?rest_route=%2Fwp%2Fv2%2Ftags&post=9905"}],"curies":[{"name":"wp","href":"https:\/\/api.w.org\/{rel}","templated":true}]}}