{"id":9878,"date":"2023-03-08T13:11:56","date_gmt":"2023-03-08T16:11:56","guid":{"rendered":"https:\/\/www.visionweb.com.ar\/?p=9878"},"modified":"2023-03-08T13:28:57","modified_gmt":"2023-03-08T16:28:57","slug":"dia-de-la-mujer-en-todo-el-territorio-con-actos-y-actividades","status":"publish","type":"post","link":"https:\/\/www.visionweb.com.ar\/?p=9878","title":{"rendered":"D\u00eda de la Mujer en todo el territorio con actos y actividades"},"content":{"rendered":"<p><em><strong>Algunas de las consignas de las manifestaciones de hoy son por la igualdad salarial, los cuidados de la salud y el fin de la violencia de g\u00e9nero. As\u00ed es la lucha de las mujeres por sus derechos y la justicia social. Desde que inici\u00f3 el 2023 ya ocurrieron 56 femicidios.<\/strong><\/em><strong>\u00a0<\/strong><!--more--><\/p>\n<p><strong> <img loading=\"lazy\" decoding=\"async\" class=\"size-full wp-image-9880 alignleft\" src=\"https:\/\/www.visionweb.com.ar\/wp-content\/uploads\/2023\/03\/8M-2023-argentina.bmp\" alt=\"\" width=\"275\" height=\"276\" srcset=\"https:\/\/www.visionweb.com.ar\/wp-content\/uploads\/2023\/03\/8M-2023-argentina.bmp 275w, https:\/\/www.visionweb.com.ar\/wp-content\/uploads\/2023\/03\/8M-2023-argentina-150x150.jpg 150w, https:\/\/www.visionweb.com.ar\/wp-content\/uploads\/2023\/03\/8M-2023-argentina-80x80.jpg 80w, https:\/\/www.visionweb.com.ar\/wp-content\/uploads\/2023\/03\/8M-2023-argentina-65x65.jpg 65w\" sizes=\"auto, (max-width: 275px) 100vw, 275px\" \/>Diversas agrupaciones sociales, pol\u00edticas y feministas \u00a0conmemoran hoy en todo el pa\u00eds el D\u00eda Internacional de la Mujer<\/strong><strong>\u00a0<\/strong>(8M) con diferentes actividades, actos y hasta movilizaciones, entre ellas la concentraci\u00f3n de esta tarde a las 16, frente al Congreso de la Naci\u00f3n.<\/p>\n<p>Habr\u00e1 tambi\u00e9n en ese marco, pedidos a la justicia en diferentes localidades por femicidios, as\u00ed como reclamos por la igualdad laboral y contra todo tipo de violencias que incluyen huelgas en adhesi\u00f3n a la s\u00e9ptima edici\u00f3n del Paro Internacional Feminista.<\/p>\n<p>En los dos primeros meses del a\u00f1o, ocurrieron\u00a0<strong>56 femicidios en Argentina<\/strong>. Seg\u00fan los datos del relevamiento, en la mayor\u00eda de los casos,\u00a0<strong>los autores manten\u00edan un v\u00ednculo previo con la v\u00edctima:<\/strong><\/p>\n<p>El<strong>\u00a0<\/strong><strong>58%<\/strong>\u00a0de los asesinatos ocurrieron en\u00a0<strong>los hogares<\/strong>\u00a0de la v\u00edctima.<\/p>\n<p>El\u00a0<strong>64%<\/strong>\u00a0de las mujeres fueron victimizadas por\u00a0<strong>parejas y exparejas<\/strong>.<\/p>\n<p>Solo<strong>\u00a05\u00a0<\/strong>se animaron a denunciar a su agresor y<strong>\u00a0<\/strong><strong>3\u00a0<\/strong>femicidas ten\u00edan medida cautelar.<\/p>\n<p>Una de las marchas ser\u00e1 al<strong> Congreso de la Naci\u00f3n, que comenzar\u00e1 a las 16 con una concentraci\u00f3n de organizaciones feministas y sindicatos desde la esquina de las avenidas de Mayo y 9 de Julio.<\/strong><\/p>\n<p><strong>\u00a0<\/strong>En\u00a0<strong>La Plata<\/strong>, habr\u00e1 dos concentraciones en la plaza Moreno, donde la oficial comenzar\u00e1 a las 16 con la consigna \u201ccon proscripci\u00f3n no hay trabajo ni democracia, trabajadoras somos todas y \u2018todes&#8217;\u201d, mientras la de mujeres y disidencias de los partidos del Frente de Izquierda iniciar\u00e1 a las 17 con cr\u00edticas a las pol\u00edticas econ\u00f3micas, pol\u00edticas y sociales actuales.<\/p>\n<p>En\u00a0<strong>Mar del Plata<\/strong>, el Movimiento de Mujeres y Diversidad encabezar\u00e1 a las 16.30 una concentraci\u00f3n en el monumento ubicado en avenida Luro y Mitre, con intervenciones art\u00edsticas y la lectura de un documento, para marchar a las 18 por las calles c\u00e9ntricas, en reclamo por la \u201cerradicaci\u00f3n de la desigualdad, la discriminaci\u00f3n y la violencia en el \u00e1mbito laboral y en los dem\u00e1s \u00e1mbitos\u201d.<\/p>\n<p><strong>Bah\u00eda Blanca<\/strong>\u00a0tendr\u00e1 una jornada de prevenci\u00f3n y promoci\u00f3n de la salud en el Centro de Salud H\u00e9roes de Malvinas, un reconocimiento a 60 Mujeres en la Biblioteca Rivadavia y el domingo se har\u00e1 la tradicional carrera y caminata de la Mujer \u201cHomenaje a Elsa Strizzi\u201d desde el play\u00f3n de la Universidad Nacional del Sur.<\/p>\n<p>En la ciudad de\u00a0<strong>Mendoza<\/strong><strong>\u00a0<\/strong>convocaron a marchar desde las 18, en peatonal Sarmiento y San Mart\u00edn, \u201cpor nuestros derechos laborales\u201d y aseguran que \u201cmujeres, lesbianas, travestis, trans, intersexuales y no \u2018binaries\u2019 inundamos las calles y las redes\u201d.<\/p>\n<p>En\u00a0<strong>C\u00f3rdoba<\/strong>, la Asamblea Ni Una Menos convoc\u00f3 a marchar a las 17 desde Col\u00f3n y Ca\u00f1ada hasta el shopping Patio Olmos con las consignas de \u201cbasta de ajuste y violencias patriarcales. No al pago de la deuda. No a la criminalizaci\u00f3n de la protesta\u201d.<\/p>\n<p>En\u00a0<strong>Entre R\u00edos<\/strong>, con el lema \u201cSi nuestras vidas no valen, produzcan sin nosotras\u201d habr\u00e1 marcha a las 17, desde la plaza Primero de Mayo hasta el edificio de Tribunales.<\/p>\n<p>En\u00a0<strong>Santa Fe,<\/strong>\u00a0la Asamblea Ni Una Menos convoc\u00f3 a participar de un paro y marchar a las 17 desde la plaza San Mart\u00edn a la 25 de Mayo, frente a la Casa de Gobierno con las consignas \u201ctrabajo de cuidados, trabajo remunerado; la deuda es con nosotras; trabajo con derechos para todas; reforma judicial transfeminista ya, con esta justicia patriarcal no hay derechos ni democracia; y basta de violencia y acoso en el mundo del trabajo\u201d.<\/p>\n<p>El gobierno de\u00a0<strong>Corrientes<\/strong><strong>\u00a0<\/strong>declar\u00f3, a trav\u00e9s del Decreto 360, asueto administrativo y escolar para las mujeres de la administraci\u00f3n p\u00fablica provincial.<\/p>\n<p><strong>\u00a0<\/strong>En\u00a0<strong>Salta<\/strong>, la marcha se realizar\u00e1 en la plaza 9 de Julio, a las 18.30, con demandas como el acceso a una justicia con perspectiva de g\u00e9nero y diversidad., vivienda, trabajo y el cupo laboral trans y reclamos por el fin de los cr\u00edmenes de odio, la aparici\u00f3n de Tehuel, entre otras cuestiones.<\/p>\n<p><strong>San Luis<\/strong>\u00a0tendr\u00e1 su conmemoraci\u00f3n con la marcha que unas 30 organizaciones feministas realizar\u00e1n desde el Centro Cultural La Via hasta la exestaci\u00f3n de \u00d3mnibus para manifestarse contra lo que consideran \u201cla proscripci\u00f3n pol\u00edtica de la vicepresidenta, Cristina Fern\u00e1ndez de Kirchner\u201d.<\/p>\n<p>En\u00a0<strong>Santiago del Estero,<\/strong>\u00a0el gobernador Gerardo Zamora dispuso a trav\u00e9s del decreto 407 que marzo ser\u00e1 dedicado a las tareas de reafirmaci\u00f3n, sensibilizaci\u00f3n y promoci\u00f3n de derechos vinculados a la perspectiva de g\u00e9nero. Por otro lado, las organizaciones sociales marchar\u00e1n desde las 18, desde el edificio de Tribunales hasta la plaza Libertad, para reclamar \u201cun Santiago sin violencias\u201d y \u201cpresupuesto para pol\u00edticas feministas\u201d.<\/p>\n<p>En\u00a0<strong>Tucum\u00e1n<\/strong>, los dos frentes de g\u00e9nero donde se articulan las organizaciones de mujeres, feministas y LGBT, convocan a marchar. La Multisectorial de Mujeres anunci\u00f3 que concentrar\u00e1 a las 17.30 en plaza Urquiza, mientras el Colectivo Ni Una Menos, a las 18.30 en la Plaza Irigoyen para movilizarse hasta la plaza Independencia, frente a la Gobernaci\u00f3n.<\/p>\n<p>En\u00a0<strong>Jujuy<\/strong>, colectivos de mujeres, organizaciones sociales, sindicales, pol\u00edticas y de derechos humanos marchar\u00e1n a las 17 con la consigna \u201cLa deuda y la falta de justicia es con nosotras\u201d desde la plaza Belgrano, frente a la Casa de Gobierno, mientras el jueves, a las 8.30, habr\u00e1 una nueva concentraci\u00f3n en los Tribunales por la audiencia preliminar en el juicio por el femicidio de Iara Rueda.<\/p>\n<p>En\u00a0<strong>Formosa<\/strong>, las mujeres peronistas \u201cguardianas del Modelo Formose\u00f1o\u201d se congregar\u00e1n en el estadio Carlos Cleto Casta\u00f1eda.<\/p>\n<p>En\u00a0<strong>R\u00edo Negro<\/strong>, el gremio ATE convoc\u00f3 a un paro y movilizaci\u00f3n, mientras en \u201cLa Casa de la L\u00ednea Sur\u201d de Viedma habr\u00e1 agasajos, juegos, baile, espect\u00e1culos musicales, degustaci\u00f3n de tortas desde las 16 para participar de las actividades, mientras en San Carlos de Bariloche se realiza la \u201cSemana del Cine de las Mujeres\u201d con talleres gratuitos y charlas coordinados por las \u201cMujeres de Medios Audiovisuales\u201d (MUMA) en la Biblioteca Sarmiento.<\/p>\n<p>En\u00a0<strong>Neuqu\u00e9n<\/strong>, organizaciones sociales, feministas y sindicales anunciaron que concentrar\u00e1n a las 18 en avenida Argentina y Julio Roca para marchar por las calles c\u00e9ntricas.<\/p>\n<p>En\u00a0<strong>Chubut<\/strong>, la Coordinaci\u00f3n Mujeres, G\u00e9nero y Diversidad de la Municipalidad de Trelew organiz\u00f3 charlas, encuentros y una feria de emprendedoras<\/p>\n<p>El Gobierno de\u00a0<strong>Tierra del Fuego<\/strong>\u00a0anunci\u00f3 la realizaci\u00f3n del \u201cPrimer Foro 8M\u201d para \u201ctrabajar los desaf\u00edos que surgen en el mercado laboral para reducir la brecha de g\u00e9nero en este \u00e1mbito\u201d, mientras en Ushuaia, la Colectiva Feminista convoc\u00f3 a una concentraci\u00f3n a las 16 frente a la sede del Superior Tribunal de Justicia para luego marchar hacia la Casa de Gobierno, la Jefatura de Polic\u00eda y concluir con un acto en la Plaza C\u00edvica. <strong>(VW)<\/strong><\/p>\n<p>&nbsp;<\/p>\n","protected":false},"excerpt":{"rendered":"<p>Algunas de las consignas de las manifestaciones de hoy son por la igualdad salarial, los cuidados de la salud y el fin de la violencia de g\u00e9nero. As\u00ed es la lucha de las mujeres&#46;&#46;&#46;<\/p>\n","protected":false},"author":4,"featured_media":9880,"comment_status":"closed","ping_status":"closed","sticky":false,"template":"","format":"standard","meta":{"_monsterinsights_skip_tracking":false,"_monsterinsights_sitenote_active":false,"_monsterinsights_sitenote_note":"","_monsterinsights_sitenote_category":0,"footnotes":""},"categories":[8,5],"tags":[4107,4108,1849],"class_list":["post-9878","post","type-post","status-publish","format-standard","has-post-thumbnail","hentry","category-interes-general","category-sociedad","tag-actos-en-todo-el-pais","tag-derechos-por-la-igualdad","tag-dia-de-la-mujer"],"_links":{"self":[{"href":"https:\/\/www.visionweb.com.ar\/index.php?rest_route=\/wp\/v2\/posts\/9878","targetHints":{"allow":["GET"]}}],"collection":[{"href":"https:\/\/www.visionweb.com.ar\/index.php?rest_route=\/wp\/v2\/posts"}],"about":[{"href":"https:\/\/www.visionweb.com.ar\/index.php?rest_route=\/wp\/v2\/types\/post"}],"author":[{"embeddable":true,"href":"https:\/\/www.visionweb.com.ar\/index.php?rest_route=\/wp\/v2\/users\/4"}],"replies":[{"embeddable":true,"href":"https:\/\/www.visionweb.com.ar\/index.php?rest_route=%2Fwp%2Fv2%2Fcomments&post=9878"}],"version-history":[{"count":4,"href":"https:\/\/www.visionweb.com.ar\/index.php?rest_route=\/wp\/v2\/posts\/9878\/revisions"}],"predecessor-version":[{"id":9884,"href":"https:\/\/www.visionweb.com.ar\/index.php?rest_route=\/wp\/v2\/posts\/9878\/revisions\/9884"}],"wp:featuredmedia":[{"embeddable":true,"href":"https:\/\/www.visionweb.com.ar\/index.php?rest_route=\/wp\/v2\/media\/9880"}],"wp:attachment":[{"href":"https:\/\/www.visionweb.com.ar\/index.php?rest_route=%2Fwp%2Fv2%2Fmedia&parent=9878"}],"wp:term":[{"taxonomy":"category","embeddable":true,"href":"https:\/\/www.visionweb.com.ar\/index.php?rest_route=%2Fwp%2Fv2%2Fcategories&post=9878"},{"taxonomy":"post_tag","embeddable":true,"href":"https:\/\/www.visionweb.com.ar\/index.php?rest_route=%2Fwp%2Fv2%2Ftags&post=9878"}],"curies":[{"name":"wp","href":"https:\/\/api.w.org\/{rel}","templated":true}]}}