{"id":9869,"date":"2023-03-08T12:01:04","date_gmt":"2023-03-08T15:01:04","guid":{"rendered":"https:\/\/www.visionweb.com.ar\/?p=9869"},"modified":"2023-03-08T12:01:04","modified_gmt":"2023-03-08T15:01:04","slug":"8m-en-lanus-hoy-charla-abierta-sobre-el-rol-de-la-mujer-en-el-ambito-laboral","status":"publish","type":"post","link":"https:\/\/www.visionweb.com.ar\/?p=9869","title":{"rendered":"8M en Lan\u00fas: Hoy charla abierta sobre el rol de la mujer en el \u00e1mbito laboral"},"content":{"rendered":"<p><em><strong>Bajo el nombre \u00abCerremos la brecha\u00bb se realizar\u00e1 este evento con el objetivo de ofrecer capacitaci\u00f3n con salida laboral, con entradas gratuitas que se podr\u00e1n sacar por la web.<\/strong><\/em><!--more--><\/p>\n<p><strong><img loading=\"lazy\" decoding=\"async\" class=\"size-medium wp-image-9871 alignright\" src=\"https:\/\/www.visionweb.com.ar\/wp-content\/uploads\/2023\/03\/8M-lanus-300x300.jpg\" alt=\"\" width=\"300\" height=\"300\" srcset=\"https:\/\/www.visionweb.com.ar\/wp-content\/uploads\/2023\/03\/8M-lanus-300x300.jpg 300w, https:\/\/www.visionweb.com.ar\/wp-content\/uploads\/2023\/03\/8M-lanus-150x150.jpg 150w, https:\/\/www.visionweb.com.ar\/wp-content\/uploads\/2023\/03\/8M-lanus-80x80.jpg 80w, https:\/\/www.visionweb.com.ar\/wp-content\/uploads\/2023\/03\/8M-lanus-320x320.jpg 320w, https:\/\/www.visionweb.com.ar\/wp-content\/uploads\/2023\/03\/8M-lanus-65x65.jpg 65w, https:\/\/www.visionweb.com.ar\/wp-content\/uploads\/2023\/03\/8M-lanus.jpg 361w\" sizes=\"auto, (max-width: 300px) 100vw, 300px\" \/>L<\/strong>a Oficina de Empleo del Municipio de Lan\u00fas, realizar\u00e1 este mi\u00e9rcoles 8 de marzo una charla denominada <strong>\u00abCerremos la brecha<\/strong>: El rol <strong>de la mujer en el \u00e1mbito laboral\u00bb<\/strong>, en conjunto con la empresa Distribuidora SEGOD SRL, la cual participar\u00e1 en colaboraci\u00f3n con el fin de <strong>promover programas de inclusi\u00f3n para j\u00f3venes mujeres<\/strong> en el mercado laboral.<\/p>\n<p>El evento tendr\u00e1 lugar en el <strong>Sal\u00f3n Oro<\/strong>, ubicado en el <strong>Cuartel de Bomberos de Lan\u00fas Oeste<\/strong> (Jos\u00e9 Mar\u00eda Moreno 857), a las 12:30 hs. y\u00a0tendr\u00e1 como <strong>objetivo una capacitaci\u00f3n con salida laboral y empleo en SEGOD\u00a0SRL<\/strong>, conforme indic\u00f3 Prensa de Lan\u00fas.<\/p>\n<p>Las entradas son gratuitas y podr\u00e1n obtenerse de manera electr\u00f3nica a trav\u00e9s del siguiente link:\u00a0<a href=\"https:\/\/www.eventbrite.com.ar\/e\/8m-23-cerremos-la-brecha-tickets-568259488427\">https:\/\/www.eventbrite.com.ar\/e\/8m-23-cerremos-la-brecha-tickets-568259488427<\/a><\/p>\n<p>Esta empresa es una f\u00e1brica de industria nacional, que trabaja en la creaci\u00f3n de indumentaria para soldadura y guantes de trabajo, de descarne, vaqueta y especiales, con una amplia experiencia y trayectoria en el mercado de la seguridad industrial y la protecci\u00f3n personal, y \u00a0realiza la producci\u00f3n desde la materia prima en origen hasta el producto terminado.<\/p>\n<p>Adem\u00e1s, SEGOD\u00a0SRL se encuentra asociada a la industria Minera WIM (Women in Mining Argentina) para llevar a cabo acciones para <strong>fomentar el progreso de las mujeres en el sector minero<\/strong>.<\/p>\n<p>WIM es una organizaci\u00f3n internacional dirigida hace m\u00e1s de 10 a\u00f1os por voluntarios comprometida con el avance de las mujeres en el sector minero, donde se ha consolidado como la comunidad de mujeres m\u00e1s grande y representativa de la miner\u00eda en todo el mundo. <strong>(VW)<\/strong><\/p>\n<p>&nbsp;<\/p>\n","protected":false},"excerpt":{"rendered":"<p>Bajo el nombre \u00abCerremos la brecha\u00bb se realizar\u00e1 este evento con el objetivo de ofrecer capacitaci\u00f3n con salida laboral, con entradas gratuitas que se podr\u00e1n sacar por la web.<\/p>\n","protected":false},"author":4,"featured_media":9871,"comment_status":"closed","ping_status":"closed","sticky":false,"template":"","format":"standard","meta":{"_monsterinsights_skip_tracking":false,"_monsterinsights_sitenote_active":false,"_monsterinsights_sitenote_note":"","_monsterinsights_sitenote_category":0,"footnotes":""},"categories":[8],"tags":[4103,4104,1849],"class_list":["post-9869","post","type-post","status-publish","format-standard","has-post-thumbnail","hentry","category-interes-general","tag-8m-en-lanus","tag-charla-abuerta-cerremos-la-brecha","tag-dia-de-la-mujer"],"_links":{"self":[{"href":"https:\/\/www.visionweb.com.ar\/index.php?rest_route=\/wp\/v2\/posts\/9869","targetHints":{"allow":["GET"]}}],"collection":[{"href":"https:\/\/www.visionweb.com.ar\/index.php?rest_route=\/wp\/v2\/posts"}],"about":[{"href":"https:\/\/www.visionweb.com.ar\/index.php?rest_route=\/wp\/v2\/types\/post"}],"author":[{"embeddable":true,"href":"https:\/\/www.visionweb.com.ar\/index.php?rest_route=\/wp\/v2\/users\/4"}],"replies":[{"embeddable":true,"href":"https:\/\/www.visionweb.com.ar\/index.php?rest_route=%2Fwp%2Fv2%2Fcomments&post=9869"}],"version-history":[{"count":2,"href":"https:\/\/www.visionweb.com.ar\/index.php?rest_route=\/wp\/v2\/posts\/9869\/revisions"}],"predecessor-version":[{"id":9872,"href":"https:\/\/www.visionweb.com.ar\/index.php?rest_route=\/wp\/v2\/posts\/9869\/revisions\/9872"}],"wp:featuredmedia":[{"embeddable":true,"href":"https:\/\/www.visionweb.com.ar\/index.php?rest_route=\/wp\/v2\/media\/9871"}],"wp:attachment":[{"href":"https:\/\/www.visionweb.com.ar\/index.php?rest_route=%2Fwp%2Fv2%2Fmedia&parent=9869"}],"wp:term":[{"taxonomy":"category","embeddable":true,"href":"https:\/\/www.visionweb.com.ar\/index.php?rest_route=%2Fwp%2Fv2%2Fcategories&post=9869"},{"taxonomy":"post_tag","embeddable":true,"href":"https:\/\/www.visionweb.com.ar\/index.php?rest_route=%2Fwp%2Fv2%2Ftags&post=9869"}],"curies":[{"name":"wp","href":"https:\/\/api.w.org\/{rel}","templated":true}]}}