{"id":9865,"date":"2023-03-07T10:59:17","date_gmt":"2023-03-07T13:59:17","guid":{"rendered":"https:\/\/www.visionweb.com.ar\/?p=9865"},"modified":"2023-03-07T10:59:17","modified_gmt":"2023-03-07T13:59:17","slug":"piden-convertir-planes-sociales-en-empleos","status":"publish","type":"post","link":"https:\/\/www.visionweb.com.ar\/?p=9865","title":{"rendered":"Piden convertir planes sociales en empleos"},"content":{"rendered":"<p><em><strong>La propuesta de la entidad es generar m\u00e1s fuentes de trabajo desde la empresas con la mirada puesta en los beneficiarios de los planes sociales.<\/strong><\/em> <!--more--><\/p>\n<p><strong><img loading=\"lazy\" decoding=\"async\" class=\"size-medium wp-image-9866 alignright\" src=\"https:\/\/www.visionweb.com.ar\/wp-content\/uploads\/2023\/03\/CGECBA-300x225.jpeg\" alt=\"\" width=\"300\" height=\"225\" srcset=\"https:\/\/www.visionweb.com.ar\/wp-content\/uploads\/2023\/03\/CGECBA-300x225.jpeg 300w, https:\/\/www.visionweb.com.ar\/wp-content\/uploads\/2023\/03\/CGECBA-320x240.jpeg 320w, https:\/\/www.visionweb.com.ar\/wp-content\/uploads\/2023\/03\/CGECBA.jpeg 640w\" sizes=\"auto, (max-width: 300px) 100vw, 300px\" \/>\u00a0 \u00a0 \u00a0 \u00a0 L<\/strong>a posibilidad de generar nuevos puestos de trabajo en el \u00e1mbito de la ciudad de Buenos Aires, fue analizada en las \u00faltimas horas en un encuentro entre funcionarios del Gobierno de la Ciudad y empresarios y empresarias vinculados a la Federaci\u00f3n Econ\u00f3mica de la Ciudad Aut\u00f3noma de Buenos Aires (FECIBA)<\/p>\n<p>Los directivos de la Entidad, adherida a la Confederaci\u00f3n General Econ\u00f3mica (CGERA), se reunieron con el secretario de Asuntos Estrat\u00e9gicos porte\u00f1o, Mart\u00edn Redrado.<\/p>\n<p>En este marco, los empresarios y empresarias plantearon ante Redrado sus necesidades y problem\u00e1ticas adem\u00e1s de la necesidad de alcanzar un acuerdo para generar fuentes de trabajo para quienes reciben planes sociales desde las empresas de la entidad asociada a CGERA.<\/p>\n<p>Asimismo, Sandra Nicol\u00e1s, Presidenta de la entidad y representante del sector de vajillas y cer\u00e1micas argentinas, destac\u00f3 el encuentro celebrado junto a distintos directivos de comercios y servicios de la Ciudad e hizo hincapi\u00e9 en la necesidad de continuar trabajando en conjunto con las autoridades del gobierno porte\u00f1o para fomentar al comercio y el consumo.<\/p>\n<p>Por su parte, Redrado se comprometi\u00f3 a trabajar desde la secretaria junto a la entidad para crear empleo de calidad y m\u00e1s y mejor empleo industrial en la Argentina.<\/p>\n<p>Estuvieron presentes representantes de los sectores de Calzado, Marroquineria; Curtidores; Laboratorios; Farmacias; Textiles; Indumentaria; Insumos Textiles; Insumos calzado; Demoledores y Excavadores; \u00d3pticos; Pl\u00e1sticos; Vidrio; Papel; Comerciantes; zonales; Tintas; Gr\u00e1ficos; Gastron\u00f3micos; Electr\u00f3nicas; Computaci\u00f3n; Consecionarias; Alimenticias; Super Chinos; Metal\u00fargicos; Servicios Industriales; Empresas de Limpieza; Sanidad; Diagn\u00f3sticos Medicos; Administradores Propiedad Horizontal; Cer\u00e1micos y Porcelanas<strong>(VW)<\/strong>.<\/p>\n","protected":false},"excerpt":{"rendered":"<p>La propuesta de la entidad es generar m\u00e1s fuentes de trabajo desde la empresas con la mirada puesta en los beneficiarios de los planes sociales.<\/p>\n","protected":false},"author":3,"featured_media":9866,"comment_status":"closed","ping_status":"closed","sticky":false,"template":"","format":"standard","meta":{"_monsterinsights_skip_tracking":false,"_monsterinsights_sitenote_active":false,"_monsterinsights_sitenote_note":"","_monsterinsights_sitenote_category":0,"footnotes":""},"categories":[749],"tags":[563,2123,4102,3689],"class_list":["post-9865","post","type-post","status-publish","format-standard","has-post-thumbnail","hentry","category-pymes","tag-cgera","tag-empleo-genuino","tag-feba","tag-redrado"],"_links":{"self":[{"href":"https:\/\/www.visionweb.com.ar\/index.php?rest_route=\/wp\/v2\/posts\/9865","targetHints":{"allow":["GET"]}}],"collection":[{"href":"https:\/\/www.visionweb.com.ar\/index.php?rest_route=\/wp\/v2\/posts"}],"about":[{"href":"https:\/\/www.visionweb.com.ar\/index.php?rest_route=\/wp\/v2\/types\/post"}],"author":[{"embeddable":true,"href":"https:\/\/www.visionweb.com.ar\/index.php?rest_route=\/wp\/v2\/users\/3"}],"replies":[{"embeddable":true,"href":"https:\/\/www.visionweb.com.ar\/index.php?rest_route=%2Fwp%2Fv2%2Fcomments&post=9865"}],"version-history":[{"count":1,"href":"https:\/\/www.visionweb.com.ar\/index.php?rest_route=\/wp\/v2\/posts\/9865\/revisions"}],"predecessor-version":[{"id":9867,"href":"https:\/\/www.visionweb.com.ar\/index.php?rest_route=\/wp\/v2\/posts\/9865\/revisions\/9867"}],"wp:featuredmedia":[{"embeddable":true,"href":"https:\/\/www.visionweb.com.ar\/index.php?rest_route=\/wp\/v2\/media\/9866"}],"wp:attachment":[{"href":"https:\/\/www.visionweb.com.ar\/index.php?rest_route=%2Fwp%2Fv2%2Fmedia&parent=9865"}],"wp:term":[{"taxonomy":"category","embeddable":true,"href":"https:\/\/www.visionweb.com.ar\/index.php?rest_route=%2Fwp%2Fv2%2Fcategories&post=9865"},{"taxonomy":"post_tag","embeddable":true,"href":"https:\/\/www.visionweb.com.ar\/index.php?rest_route=%2Fwp%2Fv2%2Ftags&post=9865"}],"curies":[{"name":"wp","href":"https:\/\/api.w.org\/{rel}","templated":true}]}}