{"id":9860,"date":"2023-03-07T09:34:02","date_gmt":"2023-03-07T12:34:02","guid":{"rendered":"https:\/\/www.visionweb.com.ar\/?p=9860"},"modified":"2023-03-07T11:16:46","modified_gmt":"2023-03-07T14:16:46","slug":"en-febrero-cayeropn-las-ventas-en-los-comercios-minoristas","status":"publish","type":"post","link":"https:\/\/www.visionweb.com.ar\/?p=9860","title":{"rendered":"En febrero cayeron las ventas en los comercios minoristas"},"content":{"rendered":"<p><em><strong>As\u00ed lo consign\u00f3 el \u00faltimo informe de CAME (C\u00e1mara de la Mediana Empresa). Se retrajeron textil e indumentaria y crecieron farmacia, alimentos y bebidas.<\/strong><\/em><!--more--><\/p>\n<p><strong>\u00a0 \u00a0 <img loading=\"lazy\" decoding=\"async\" class=\"size-full wp-image-4406 alignright\" src=\"https:\/\/www.visionweb.com.ar\/wp-content\/uploads\/2022\/02\/comercios.bmp\" alt=\"\" width=\"477\" height=\"337\" \/> \u00a0L<\/strong>as ventas en los comercios minoristas pymes cayeron 0,9% en febrero frente al mismo mes del a\u00f1o pasado, medidas a precios constantes.<\/p>\n<p>De este modo, el descenso acumulan en los primeros dos meses del a\u00f1o alcanza a 0,6%,\u00a0 seg\u00fan un relevamiento de la Confederaci\u00f3n Argentina de la Mediana Empresa (CAME).<\/p>\n<p>\u201cLas ventas del mes se concentraron mayoritariamente en bienes y servicios vinculados al sector turismo. Adem\u00e1s, en febrero se registr\u00f3 un fuerte aumento en los precios de los alimentos con su m\u00e1ximo exponente en la din\u00e1mica de la carne vacuna, con subas mensuales que promediaron el 25%, que redujeron la capacidad de compra para otros productos\u201d, se\u00f1al\u00f3 la entidad pyme en un comunicado.<\/p>\n<p>Los datos surgen del \u00cdndice de Ventas Minoristas Pymes de la Confederaci\u00f3n Argentina de la Mediana Empresa (CAME), elaborado en base a su relevamiento mensual entre 1.135 comercios.<\/p>\n<p>En la comparaci\u00f3n anual, de los siete rubros relevados en febrero, crecieron Farmacia (+7,9%), Alimentos y Bebidas (+2,6%) y Perfumer\u00edas (+1,7%).<\/p>\n<p>En cambio, se retrajeron Textil e Indumentaria (-11%), Bazar, decoraci\u00f3n, textiles del hogar y muebles (-3,4%), Ferreter\u00eda, materiales el\u00e9ctricos y materiales de la construcci\u00f3n (-1,1%) y calzados y marroquiner\u00eda (-0,8%)<strong>(VW)<\/strong>.<\/p>\n","protected":false},"excerpt":{"rendered":"<p>As\u00ed lo consign\u00f3 el \u00faltimo informe de CAME (C\u00e1mara de la Mediana Empresa). Se retrajeron textil e indumentaria y crecieron farmacia, alimentos y bebidas.<\/p>\n","protected":false},"author":3,"featured_media":4406,"comment_status":"closed","ping_status":"closed","sticky":false,"template":"","format":"standard","meta":{"_monsterinsights_skip_tracking":false,"_monsterinsights_sitenote_active":false,"_monsterinsights_sitenote_note":"","_monsterinsights_sitenote_category":0,"footnotes":""},"categories":[6,8],"tags":[309,4101,3917,758],"class_list":["post-9860","post","type-post","status-publish","format-standard","has-post-thumbnail","hentry","category-economia","category-interes-general","tag-came","tag-descenso","tag-minoristas","tag-ventas"],"_links":{"self":[{"href":"https:\/\/www.visionweb.com.ar\/index.php?rest_route=\/wp\/v2\/posts\/9860","targetHints":{"allow":["GET"]}}],"collection":[{"href":"https:\/\/www.visionweb.com.ar\/index.php?rest_route=\/wp\/v2\/posts"}],"about":[{"href":"https:\/\/www.visionweb.com.ar\/index.php?rest_route=\/wp\/v2\/types\/post"}],"author":[{"embeddable":true,"href":"https:\/\/www.visionweb.com.ar\/index.php?rest_route=\/wp\/v2\/users\/3"}],"replies":[{"embeddable":true,"href":"https:\/\/www.visionweb.com.ar\/index.php?rest_route=%2Fwp%2Fv2%2Fcomments&post=9860"}],"version-history":[{"count":5,"href":"https:\/\/www.visionweb.com.ar\/index.php?rest_route=\/wp\/v2\/posts\/9860\/revisions"}],"predecessor-version":[{"id":9868,"href":"https:\/\/www.visionweb.com.ar\/index.php?rest_route=\/wp\/v2\/posts\/9860\/revisions\/9868"}],"wp:featuredmedia":[{"embeddable":true,"href":"https:\/\/www.visionweb.com.ar\/index.php?rest_route=\/wp\/v2\/media\/4406"}],"wp:attachment":[{"href":"https:\/\/www.visionweb.com.ar\/index.php?rest_route=%2Fwp%2Fv2%2Fmedia&parent=9860"}],"wp:term":[{"taxonomy":"category","embeddable":true,"href":"https:\/\/www.visionweb.com.ar\/index.php?rest_route=%2Fwp%2Fv2%2Fcategories&post=9860"},{"taxonomy":"post_tag","embeddable":true,"href":"https:\/\/www.visionweb.com.ar\/index.php?rest_route=%2Fwp%2Fv2%2Ftags&post=9860"}],"curies":[{"name":"wp","href":"https:\/\/api.w.org\/{rel}","templated":true}]}}