{"id":9857,"date":"2023-03-07T09:14:45","date_gmt":"2023-03-07T12:14:45","guid":{"rendered":"https:\/\/www.visionweb.com.ar\/?p=9857"},"modified":"2023-03-07T09:14:45","modified_gmt":"2023-03-07T12:14:45","slug":"la-provincia-cerro-el-acuerdo-con-estatales-y-docentes-y-elevo-oferta-a-judiciales","status":"publish","type":"post","link":"https:\/\/www.visionweb.com.ar\/?p=9857","title":{"rendered":"La Provincia cerr\u00f3 el acuerdo con estatales y docentes, y elev\u00f3 oferta a judiciales"},"content":{"rendered":"<p><em><strong>La oferta se har\u00e1 efectivo en tres etapas -marzo, mayo y julio-, promediando 40%. Similar propuesta para la AJB.<\/strong><\/em><!--more--><\/p>\n<div id=\"attachment_9858\" style=\"width: 310px\" class=\"wp-caption alignright\"><img loading=\"lazy\" decoding=\"async\" aria-describedby=\"caption-attachment-9858\" class=\"wp-image-9858 size-medium\" src=\"https:\/\/www.visionweb.com.ar\/wp-content\/uploads\/2023\/03\/acuerdo-con-estatales-300x197.png\" alt=\"\" width=\"300\" height=\"197\" srcset=\"https:\/\/www.visionweb.com.ar\/wp-content\/uploads\/2023\/03\/acuerdo-con-estatales-300x197.png 300w, https:\/\/www.visionweb.com.ar\/wp-content\/uploads\/2023\/03\/acuerdo-con-estatales.png 640w\" sizes=\"auto, (max-width: 300px) 100vw, 300px\" \/><p id=\"caption-attachment-9858\" class=\"wp-caption-text\"><strong><em>El gobernador Kicillof, junto a los delegados de los gremios docentes y estatales (Foto: prensa Gobernaci\u00f3n)<\/em><\/strong><\/p><\/div>\n<p><strong>\u00a0 \u00a0 \u00a0 E<\/strong>l Gobierno bonaerense anunci\u00f3 este lunes, el acuerdo paritario con los gremios que representan a los docentes bonaerenses y trabajadores de la administraci\u00f3n p\u00fablica, al tiempo que formaliz\u00f3 una propuesta de recomposici\u00f3n salarial para judiciales para la primera etapa del a\u00f1o.<\/p>\n<p>El cumplimiento\u00a0 del convenio, que alcanza a estales y docentes se har\u00e1 efectivo en tres etapas -marzo, mayo y julio-, promediando 40% en ese \u00faltimo tramo, y contempla retomar las reuniones en agosto.<\/p>\n<p>En ese sentido y tras reunirse con 30 representantes sindicales, el gobernador Axel Kicillof destac\u00f3 que \u201ca partir del di\u00e1logo con todos los gremios, seguimos transitando un camino de recuperaci\u00f3n del salario despu\u00e9s de a\u00f1os de abandono y estigmatizaci\u00f3n\u201d.<\/p>\n<p>La reuni\u00f3n fue en Casa de Gobierno, junto a los ministros de Trabajo, Walter Correa, y de Salud, Nicol\u00e1s Kreplak, y el director general de Cultura y Educaci\u00f3n, Alberto Sileoni.<\/p>\n<p>Del acto participaron representantes de UPCN, Cicop, FEB, Suteba, Fegeppba, SSP, Udocba, ATE, Stigas, Ajamop, S\u00f3eme, UDA, Sadop, ATE Ensenada, SOSBA, AMET y ACN.<\/p>\n<p><strong>Propuesta para la AJB<\/strong><\/p>\n<p>Por otra parte, funcionarios de la administraci\u00f3n Kicillof se reunieron con representantes de los judiciales enrolados en la AJB y formalizaron una propuesta salarial.<\/p>\n<p>En ese sentido, el Ejecutivo propuso un incremento al b\u00e1sico del 40% para la primera etapa del a\u00f1o, a pagarse en tres tramos. Adem\u00e1s propusieron una mesa de monitoreo y revisi\u00f3n en mayo y reapertura de la negociaci\u00f3n salarial en agosto.<\/p>\n<p>La oferta en cuotas es: 20% en marzo; 6% en mayo, con mesa de monitoreo y revisi\u00f3n; y 14% en julio, para cerrar en un total del 40%. Tambi\u00e9n se ofreci\u00f3 una actualizaci\u00f3n del tope para la exclusi\u00f3n del cobro de asignaciones familiares que pasar\u00e1 desde marzo a $404.062 (tope de ingreso bruto individual) y $808.124 (tope de ingreso bruto de grupo familiar).<\/p>\n<p>El Ejecutivo expres\u00f3 que de considerarse positivamente esta propuesta la misma ser\u00e1 liquidada para que sea incorporada al cobro de marzo en los haberes de jubilados, jubiladas, pensionados y pensionadas. La respuesta se conocer\u00e1 tras las asambleas que se llevar\u00e1n a cabo el martes<strong>(VW)<\/strong>.<\/p>\n","protected":false},"excerpt":{"rendered":"<p>La oferta se har\u00e1 efectivo en tres etapas -marzo, mayo y julio-, promediando 40%. Similar propuesta para la AJB.<\/p>\n","protected":false},"author":3,"featured_media":9858,"comment_status":"closed","ping_status":"closed","sticky":false,"template":"","format":"standard","meta":{"_monsterinsights_skip_tracking":false,"_monsterinsights_sitenote_active":false,"_monsterinsights_sitenote_note":"","_monsterinsights_sitenote_category":0,"footnotes":""},"categories":[3],"tags":[650,1907,649,158],"class_list":["post-9857","post","type-post","status-publish","format-standard","has-post-thumbnail","hentry","category-actualidad","tag-bonaerenses","tag-estatales","tag-judiciales","tag-paritarias"],"_links":{"self":[{"href":"https:\/\/www.visionweb.com.ar\/index.php?rest_route=\/wp\/v2\/posts\/9857","targetHints":{"allow":["GET"]}}],"collection":[{"href":"https:\/\/www.visionweb.com.ar\/index.php?rest_route=\/wp\/v2\/posts"}],"about":[{"href":"https:\/\/www.visionweb.com.ar\/index.php?rest_route=\/wp\/v2\/types\/post"}],"author":[{"embeddable":true,"href":"https:\/\/www.visionweb.com.ar\/index.php?rest_route=\/wp\/v2\/users\/3"}],"replies":[{"embeddable":true,"href":"https:\/\/www.visionweb.com.ar\/index.php?rest_route=%2Fwp%2Fv2%2Fcomments&post=9857"}],"version-history":[{"count":1,"href":"https:\/\/www.visionweb.com.ar\/index.php?rest_route=\/wp\/v2\/posts\/9857\/revisions"}],"predecessor-version":[{"id":9859,"href":"https:\/\/www.visionweb.com.ar\/index.php?rest_route=\/wp\/v2\/posts\/9857\/revisions\/9859"}],"wp:featuredmedia":[{"embeddable":true,"href":"https:\/\/www.visionweb.com.ar\/index.php?rest_route=\/wp\/v2\/media\/9858"}],"wp:attachment":[{"href":"https:\/\/www.visionweb.com.ar\/index.php?rest_route=%2Fwp%2Fv2%2Fmedia&parent=9857"}],"wp:term":[{"taxonomy":"category","embeddable":true,"href":"https:\/\/www.visionweb.com.ar\/index.php?rest_route=%2Fwp%2Fv2%2Fcategories&post=9857"},{"taxonomy":"post_tag","embeddable":true,"href":"https:\/\/www.visionweb.com.ar\/index.php?rest_route=%2Fwp%2Fv2%2Ftags&post=9857"}],"curies":[{"name":"wp","href":"https:\/\/api.w.org\/{rel}","templated":true}]}}