{"id":9851,"date":"2023-03-07T07:20:30","date_gmt":"2023-03-07T10:20:30","guid":{"rendered":"https:\/\/www.visionweb.com.ar\/?p=9851"},"modified":"2023-03-06T21:09:11","modified_gmt":"2023-03-07T00:09:11","slug":"tension-en-rosario-hubo-tiros-saqueos-y-descontrol-en-el-barrio-por-el-crimen-de-un-nene","status":"publish","type":"post","link":"https:\/\/www.visionweb.com.ar\/?p=9851","title":{"rendered":"Tensi\u00f3n en Rosario: Hubo tiros, saqueos y descontrol en el barrio por el crimen de un nene"},"content":{"rendered":"<p><em><strong>Los vecinos atacaron la casa de un presunto dealer y la desmantelaron. Ocurri\u00f3 luego del velatorio del ni\u00f1o de 11 a\u00f1os. El ministro de Seguridad de Santa Fe Claudio Brilloni dijo que esto \u00abes una demostraci\u00f3n del hartazgo de la gente\u00bb.<\/strong><\/em><!--more--><\/p>\n<div id=\"attachment_9855\" style=\"width: 310px\" class=\"wp-caption alignright\"><img loading=\"lazy\" decoding=\"async\" aria-describedby=\"caption-attachment-9855\" class=\"wp-image-9855 size-medium\" src=\"https:\/\/www.visionweb.com.ar\/wp-content\/uploads\/2023\/03\/rosario-saqueo-en-casa-de-un-dealer-300x178.jpg\" alt=\"\" width=\"300\" height=\"178\" srcset=\"https:\/\/www.visionweb.com.ar\/wp-content\/uploads\/2023\/03\/rosario-saqueo-en-casa-de-un-dealer-300x178.jpg 300w, https:\/\/www.visionweb.com.ar\/wp-content\/uploads\/2023\/03\/rosario-saqueo-en-casa-de-un-dealer.bmp 382w\" sizes=\"auto, (max-width: 300px) 100vw, 300px\" \/><p id=\"caption-attachment-9855\" class=\"wp-caption-text\">M\u00e1xima tensi\u00f3n de vecinos que saquearon la casa del presunto dealer. Foto: internet<\/p><\/div>\n<p><strong>U<\/strong>n ni\u00f1o de 11 a\u00f1os (M\u00e1ximo) fue asesinado el domingo 4 durante una balacera en Empalme Graneros en la ciudad de Rosario, y en horas de la ma\u00f1ana del lunes,\u00a0durante el velatorio, <strong>amigos y familiares salieron en busca del presunto homicida, y saquearon la casa que aparentemente oficiaba de b\u00fanker.<\/strong><\/p>\n<p>En ese contexto, vecinos y familiares\u00a0<strong>se acercaron a la vivienda del presunto homicida que r\u00e1pidamente comenz\u00f3 a disparar contra la multitud, <\/strong>en medio de un fuerte operativo policial.<\/p>\n<p>Tras llegar una orden de allanamiento, los efectivos ingresaron a la vivienda pero el acusado hab\u00eda huido, por lo que se dispuso un operativo para encontrarlo. Minutos despu\u00e9s, los efectivos especiales detuvieron al hombre, de acuerdo a la informaci\u00f3n oficial.<\/p>\n<p>Las personas agrupadas en torno a la vivienda le arrojaron piedras y botellas, y los uniformados lograron ponerlo a salvo. Luego, los vecinos se enfrentaron con la Polic\u00eda:\u00a0<strong>\u201cSi ustedes no hacen justicia esto va a ser peor\u201d.<\/strong><\/p>\n<p>Mientras ocurr\u00eda el traslado hubo\u00a0<strong>m\u00e1s incidentes y heridos con balas de goma<\/strong>, entre ellos result\u00f3 horido el padre de M\u00e1ximo, el nene asesinado.<\/p>\n<p>Luego de que la mujer e hija del dealer fueran desalojadas del lugar y detenidas por la Polic\u00eda, los vecinos coparon la vivienda -que presuntamente funcionaba como b\u00fanker de venta de droga- y <strong>comenzaron un feroz saqueo ante la mirada de los efectivos parapetados imp\u00e1vidos a metros de ellos, en formaci\u00f3n.<\/strong><\/p>\n<p><strong>Los vecinos sacaron la ropa, los muebles, los sanitarios, los electrodom\u00e9sticos, el tanque de agua, incluso las ca\u00f1er\u00edas para poco despu\u00e9s comenzar la demolici\u00f3n de las paredes.<\/strong><\/p>\n<p>El ministro de Seguridad de Santa Fe, Claudio Brilloni, dijo a los medios que esto \u00abes una demostraci\u00f3n del hartazgo de la gente\u00bb.<\/p>\n<p>Mientras tanto, la investigaci\u00f3n por el crimen de M\u00e1ximo (que termin\u00f3 con otros tres ni\u00f1os heridos) contin\u00faa. <strong>(VW)<\/strong><\/p>\n<p>&nbsp;<\/p>\n","protected":false},"excerpt":{"rendered":"<p>Los vecinos atacaron la casa de un presunto dealer y la desmantelaron. Ocurri\u00f3 luego del velatorio del ni\u00f1o de 11 a\u00f1os. El ministro de Seguridad de Santa Fe Claudio Brilloni dijo que esto \u00abes&#46;&#46;&#46;<\/p>\n","protected":false},"author":4,"featured_media":9855,"comment_status":"closed","ping_status":"closed","sticky":false,"template":"","format":"standard","meta":{"_monsterinsights_skip_tracking":false,"_monsterinsights_sitenote_active":false,"_monsterinsights_sitenote_note":"","_monsterinsights_sitenote_category":0,"footnotes":""},"categories":[3],"tags":[4100,4098,2205,3168,4099],"class_list":["post-9851","post","type-post","status-publish","format-standard","has-post-thumbnail","hentry","category-actualidad","tag-asesnato-de-un-nino","tag-inseguridad-narco","tag-rosario","tag-santa-fe","tag-valacera"],"_links":{"self":[{"href":"https:\/\/www.visionweb.com.ar\/index.php?rest_route=\/wp\/v2\/posts\/9851","targetHints":{"allow":["GET"]}}],"collection":[{"href":"https:\/\/www.visionweb.com.ar\/index.php?rest_route=\/wp\/v2\/posts"}],"about":[{"href":"https:\/\/www.visionweb.com.ar\/index.php?rest_route=\/wp\/v2\/types\/post"}],"author":[{"embeddable":true,"href":"https:\/\/www.visionweb.com.ar\/index.php?rest_route=\/wp\/v2\/users\/4"}],"replies":[{"embeddable":true,"href":"https:\/\/www.visionweb.com.ar\/index.php?rest_route=%2Fwp%2Fv2%2Fcomments&post=9851"}],"version-history":[{"count":3,"href":"https:\/\/www.visionweb.com.ar\/index.php?rest_route=\/wp\/v2\/posts\/9851\/revisions"}],"predecessor-version":[{"id":9856,"href":"https:\/\/www.visionweb.com.ar\/index.php?rest_route=\/wp\/v2\/posts\/9851\/revisions\/9856"}],"wp:featuredmedia":[{"embeddable":true,"href":"https:\/\/www.visionweb.com.ar\/index.php?rest_route=\/wp\/v2\/media\/9855"}],"wp:attachment":[{"href":"https:\/\/www.visionweb.com.ar\/index.php?rest_route=%2Fwp%2Fv2%2Fmedia&parent=9851"}],"wp:term":[{"taxonomy":"category","embeddable":true,"href":"https:\/\/www.visionweb.com.ar\/index.php?rest_route=%2Fwp%2Fv2%2Fcategories&post=9851"},{"taxonomy":"post_tag","embeddable":true,"href":"https:\/\/www.visionweb.com.ar\/index.php?rest_route=%2Fwp%2Fv2%2Ftags&post=9851"}],"curies":[{"name":"wp","href":"https:\/\/api.w.org\/{rel}","templated":true}]}}