{"id":9842,"date":"2023-03-06T19:23:45","date_gmt":"2023-03-06T22:23:45","guid":{"rendered":"https:\/\/www.visionweb.com.ar\/?p=9842"},"modified":"2023-03-06T19:23:45","modified_gmt":"2023-03-06T22:23:45","slug":"caba-la-inflacion-fue-del-6-en-febrero","status":"publish","type":"post","link":"https:\/\/www.visionweb.com.ar\/?p=9842","title":{"rendered":"CABA: La inflaci\u00f3n fue del 6% en febrero"},"content":{"rendered":"<p><em><strong>\u201cAlimentos y bebidas no alcoh\u00f3licas promedi\u00f3 una suba de 7,7%. El principal impulso provino de Carnes y derivados (15,2%). Mientras que el dato interanual sum\u00f3 un 103,1%.<\/strong><\/em><!--more--><\/p>\n<p><strong><img loading=\"lazy\" decoding=\"async\" class=\"size-medium wp-image-9844 alignright\" src=\"https:\/\/www.visionweb.com.ar\/wp-content\/uploads\/2023\/03\/caba-indice-precios-feb23-218x300.jpg\" alt=\"\" width=\"218\" height=\"300\" srcset=\"https:\/\/www.visionweb.com.ar\/wp-content\/uploads\/2023\/03\/caba-indice-precios-feb23-218x300.jpg 218w, https:\/\/www.visionweb.com.ar\/wp-content\/uploads\/2023\/03\/caba-indice-precios-feb23.jpg 253w\" sizes=\"auto, (max-width: 218px) 100vw, 218px\" \/>\u00a0\u00a0\u00a0 E<\/strong>l \u00cdndice de Precios al Consumidor de la <strong>Ciudad de Buenos Aires (IPCBA)<\/strong> fue del 6% en febrero, dato que registra una inflaci\u00f3n\u00a0<strong>13,7% en el primer bimestre del a\u00f1o, y muestra un acumulado interanual del 103,1%.<\/strong><\/p>\n<p>Cabe recordar que el martes\u00a0<strong>14 de marzo<\/strong><strong>\u00a0<\/strong>el Instituto Nacional de Estad\u00edstica y Censos (INDEC) <strong>dar\u00e1 a conocer el \u00edndice de inflaci\u00f3n de febrero a nivel nacional<\/strong>.<\/p>\n<p>En esa l\u00ednea, la <strong>direcci\u00f3n de estad\u00edsticas porte\u00f1a<\/strong>, indic\u00f3: \u201cEsta variaci\u00f3n del IPCBA respondi\u00f3 fundamentalmente a las <strong>subas en las siguientes divisiones: Vivienda, agua, electricidad, gas y otros combustibles, Alimentos y bebidas no alcoh\u00f3licas<\/strong>, Restaurantes y hoteles, Salud y Recreaci\u00f3n y cultura, que en conjunto explicaron el 76,6% del alza del Nivel General\u201d.<\/p>\n<p>Para los casos de\u00a0<strong>\u201cVivienda, agua, electricidad y gas registr\u00f3 una variaci\u00f3n del 8,5% con respecto al mes anterior<\/strong>, debido a los ajustes en los valores de los gastos comunes de la vivienda y de los alquileres. Le siguieron en importancia, las alzas en la tarifa residencial del servicio de electricidad. Este \u00edtem registr\u00f3 una variaci\u00f3n interanual del 113,6 por ciento\u201d.<\/p>\n<p>En cuanto a\u00a0<strong>\u201cAlimentos y bebidas no alcoh\u00f3licas promedi\u00f3 una suba de 7,7%. El principal impulso provino de Carnes y derivados (15,2%).<\/strong><strong>\u00a0<\/strong>En menor medida, se destacaron los aumentos en Pan y cereales (5,7%), Leche, productos l\u00e1cteos (6,3%) y Frutas (11,3%). Este \u00edtem registr\u00f3 una variaci\u00f3n interanual del 104,4 por ciento\u201d.<\/p>\n<p>En el rubro de \u201c<strong>Restaurantes y hoteles promedi\u00f3 una suba de 5,9%,<\/strong><strong>\u00a0<\/strong>como resultado de los aumentos en los precios de los alimentos preparados en restaurantes, bares y casas de comida. Este \u00edtem registr\u00f3 una variaci\u00f3n interanual del 120,8 por ciento\u201d.<\/p>\n<p>La\u00a0<strong>\u201cSalud mostr\u00f3 una variaci\u00f3n con respecto al mes anterior del 6,8%<\/strong><strong>\u00a0<\/strong>debido a los incrementos en las cuotas de medicina prepaga y a los ajustes en los valores de los medicamentos. Este \u00edtem registr\u00f3 una variaci\u00f3n interanual del 99,5 por ciento\u201d.<\/p>\n<p>El rubro de\u00a0<strong>\u201cRecreaci\u00f3n y cultura registr\u00f3 una suba de 8,7<\/strong>%, debido a los incrementos en los precios de los paquetes tur\u00edsticos y de los servicios recreativos y deportivos. Este \u00edtem registr\u00f3 una variaci\u00f3n interanual del 104 por ciento\u201d. <strong>(VW)<\/strong><\/p>\n<p>&nbsp;<\/p>\n","protected":false},"excerpt":{"rendered":"<p>\u201cAlimentos y bebidas no alcoh\u00f3licas promedi\u00f3 una suba de 7,7%. El principal impulso provino de Carnes y derivados (15,2%). Mientras que el dato interanual sum\u00f3 un 103,1%.<\/p>\n","protected":false},"author":4,"featured_media":9844,"comment_status":"closed","ping_status":"closed","sticky":false,"template":"","format":"standard","meta":{"_monsterinsights_skip_tracking":false,"_monsterinsights_sitenote_active":false,"_monsterinsights_sitenote_note":"","_monsterinsights_sitenote_category":0,"footnotes":""},"categories":[6,5],"tags":[330,4096,4094,4095],"class_list":["post-9842","post","type-post","status-publish","format-standard","has-post-thumbnail","hentry","category-economia","category-sociedad","tag-caba","tag-febrero-2023","tag-indice-de-precios-al-consumidor","tag-ipcba"],"_links":{"self":[{"href":"https:\/\/www.visionweb.com.ar\/index.php?rest_route=\/wp\/v2\/posts\/9842","targetHints":{"allow":["GET"]}}],"collection":[{"href":"https:\/\/www.visionweb.com.ar\/index.php?rest_route=\/wp\/v2\/posts"}],"about":[{"href":"https:\/\/www.visionweb.com.ar\/index.php?rest_route=\/wp\/v2\/types\/post"}],"author":[{"embeddable":true,"href":"https:\/\/www.visionweb.com.ar\/index.php?rest_route=\/wp\/v2\/users\/4"}],"replies":[{"embeddable":true,"href":"https:\/\/www.visionweb.com.ar\/index.php?rest_route=%2Fwp%2Fv2%2Fcomments&post=9842"}],"version-history":[{"count":2,"href":"https:\/\/www.visionweb.com.ar\/index.php?rest_route=\/wp\/v2\/posts\/9842\/revisions"}],"predecessor-version":[{"id":9845,"href":"https:\/\/www.visionweb.com.ar\/index.php?rest_route=\/wp\/v2\/posts\/9842\/revisions\/9845"}],"wp:featuredmedia":[{"embeddable":true,"href":"https:\/\/www.visionweb.com.ar\/index.php?rest_route=\/wp\/v2\/media\/9844"}],"wp:attachment":[{"href":"https:\/\/www.visionweb.com.ar\/index.php?rest_route=%2Fwp%2Fv2%2Fmedia&parent=9842"}],"wp:term":[{"taxonomy":"category","embeddable":true,"href":"https:\/\/www.visionweb.com.ar\/index.php?rest_route=%2Fwp%2Fv2%2Fcategories&post=9842"},{"taxonomy":"post_tag","embeddable":true,"href":"https:\/\/www.visionweb.com.ar\/index.php?rest_route=%2Fwp%2Fv2%2Ftags&post=9842"}],"curies":[{"name":"wp","href":"https:\/\/api.w.org\/{rel}","templated":true}]}}