{"id":9835,"date":"2023-03-06T12:12:44","date_gmt":"2023-03-06T15:12:44","guid":{"rendered":"https:\/\/www.visionweb.com.ar\/?p=9835"},"modified":"2023-03-06T12:12:44","modified_gmt":"2023-03-06T15:12:44","slug":"kicillof-inauguro-las-151o-sesiones-ordinarias-del-periodo-2023","status":"publish","type":"post","link":"https:\/\/www.visionweb.com.ar\/?p=9835","title":{"rendered":"Kicillof inauguro las 151\u00ba sesiones ordinarias del per\u00edodo 2023"},"content":{"rendered":"<p><em><strong>En su discurso asegur\u00f3 que \u00bb\u00a0Hoy es mi \u00faltima apertura o en todo caso la \u00faltima de esta primera etapa\u201d, expreso el mandatario provincial.<\/strong><\/em><!--more--><\/p>\n<div id=\"attachment_9836\" style=\"width: 310px\" class=\"wp-caption alignright\"><img loading=\"lazy\" decoding=\"async\" aria-describedby=\"caption-attachment-9836\" class=\"wp-image-9836 size-medium\" src=\"https:\/\/www.visionweb.com.ar\/wp-content\/uploads\/2023\/03\/INAUGURACION-300x138.png\" alt=\"\" width=\"300\" height=\"138\" srcset=\"https:\/\/www.visionweb.com.ar\/wp-content\/uploads\/2023\/03\/INAUGURACION-300x138.png 300w, https:\/\/www.visionweb.com.ar\/wp-content\/uploads\/2023\/03\/INAUGURACION.png 640w\" sizes=\"auto, (max-width: 300px) 100vw, 300px\" \/><p id=\"caption-attachment-9836\" class=\"wp-caption-text\"><em><strong>El gobernador, Axel Kicillof inagura la 151 Sesi\u00f3n del parlamento bonaerense (Foto Oficial, Diputados)<\/strong><\/em><\/p><\/div>\n<p><strong>\u00a0 \u00a0 \u00a0 E<\/strong>l gobernador Axel Kicillof dijo que la apertura de sesiones de hoy ser\u00e1 su \u201c\u00faltima\u201d o \u201cen todo caso la \u00faltima de esta primera etapa\u201d, en el marco de la Asamblea Legislativa bonaerense.<\/p>\n<p>El mandatario bonaerense encabeza este lunes la apertura del 151\u00b0 per\u00edodo de sesiones ordinarias de la Legislatura bonaerense. En ese marco, dej\u00f3 entrever la posibilidad de presentarse por la reelecci\u00f3n.<\/p>\n<p>\u201cHoy es mi \u00faltima apertura de sesiones o en todo caso la \u00faltima de esta primera etapa\u201d, asegur\u00f3. Y agreg\u00f3: \u201cSer\u00e1 el tiempo, pero sobre todo el pueblo de nuestra provincia quien lo disponga\u201d.<\/p>\n<p>Tras la suspensi\u00f3n de la Asamblea Legislativa del mi\u00e9rcoles pasado por el apag\u00f3n energ\u00e9tico que afect\u00f3 a gran parte del pa\u00eds, Kicillof finalmente abre esta ma\u00f1ana las sesiones ordinarias en La Plata.<\/p>\n<p>En el inicio de su discruso, ante diputados y senadores provinciales, el mandatario le agradeci\u00f3 al presidente Alberto Fern\u00e1ndez su acompa\u00f1amiento en el reclamo por la disputa de la coparticipaci\u00f3n con la CABA.<\/p>\n<p>Asimismo, se mostr\u00f3 agradecido con la vicepresidenta Cristina Fern\u00e1ndez de Kirchner, con su gabinete y con los 135 intendentes con quienes \u201cdurante la peste supimos dejar de lado diferencias\u201d.<\/p>\n<p>El mandatario provincial tambi\u00e9n repudi\u00f3 el intento de magnicidio contra la vice y el intento de proscripci\u00f3n que habla de una \u201clarga historia de persecuciones al peronismo\u201d. Advirti\u00f3 que esto \u201cno se trata de un problema \u00fanicamente para quienes nos sentimos pol\u00edticamente identificados\u201d con CFK, sino de \u201cun deterior de la calidad democr\u00e1tica que es preocupante e inadmisible\u201d.<\/p>\n<h3><strong>Educaci\u00f3n<\/strong><\/h3>\n<p>Kicillof destac\u00f3 que la \u00faltima temporada tur\u00edstica fue \u201cla mayor\u201d de la historia de la provincia de Buenos Aires \u201ccon m\u00e1s de 16 millones de visitantes\u201d, y que \u201cdurante estos a\u00f1os no tuvimos un solo d\u00eda de paro por cuestiones provinciales\u201d en escuelas bonaerenses.<\/p>\n<p>\u201cDurante la etapa anterior hubo 65 d\u00edas de paro. Creemos que esto es por recuperar salario, no perseguir docentes e invertir en infraestructura\u201d, apunt\u00f3.<\/p>\n<p>Y se\u00f1al\u00f3: \u201cDurante la etapa anterior hubo 65 d\u00edas de paro. Creemos que esto es por recuperar salario, no perseguir docentes e invertir en infraestructura\u201d.<\/p>\n<p>En cuestiones vinculadas a la educaci\u00f3n, tambi\u00e9n sostuvo que su Gobierno ya inaugur\u00f3 \u201c150 nuevos edificios escolares en tres a\u00f1os\u201d. \u201cM\u00e1s que el doble que en los cuatro a\u00f1os anteriores. Y vamos a seguir abriendo escuelas\u201d, asegur\u00f3.<\/p>\n<h3><strong>Coparticipaci\u00f3n<\/strong><\/h3>\n<p>El Gobernador dijo que \u201cla provincia de Buenos Aires tiene grandes deudas sociales, habitacionales y de infraestructura que hay que reconocer y reparar\u201d y que \u201cse suele decir que en la provincia faltan escuelas, falta asfalto, faltan hospitales, faltan autopistas, faltan trenes\u201d.<\/p>\n<p>\u201cLo que sin duda falta en nuestra provincia de Buenos Aires es buena parte de los recursos que produce y aporta al sistema de coparticipaci\u00f3n\u201d, sostuvo. Y agreg\u00f3: \u201cLo que nos toca como generaci\u00f3n de dirigentes bonaerenses es recuperar los recursos que le fueron arrancados a nuestra provincia\u201d.<\/p>\n<p>En este marco, invit\u00f3 a los distintos bloques de la Legislatura a \u201ca formar una comisi\u00f3n destinada al reclamo permanente por los recursos de los y las bonaerenses y de los 135 municipios\u201d, entre otras \u00e1reas que percibieron incrementos.<\/p>\n<p>Kicillof tambi\u00e9n dijo que \u201cla inversi\u00f3n en pol\u00edticas productivas es casi siete veces mayor en t\u00e9rminos reales\u201d en comparaci\u00f3n con el a\u00f1o 2019 y que en \u201cobras y equipamiento educativo se quintuplico\u201d.<\/p>\n<h3><strong>Econom\u00eda y campo<\/strong><\/h3>\n<p>Al referirse a la situaci\u00f3n econ\u00f3mica actual, Kicillof dijo que \u201cfalta much\u00edsimo y se viven tiempos complejos, pero tambi\u00e9n tenemos que decir que se nota cuando hay una pol\u00edtica a favor de la producci\u00f3n y el empleo\u201d.<\/p>\n<p>En el \u00e1mbito del campo, por ejemplo, destac\u00f3 que \u201cse est\u00e1n construyendo en muchos lugares del interior de la provincia de Buenos Aires instalaciones para industrializar la producci\u00f3n rural\u201d. \u201cNecesitamos que la producci\u00f3n agropecuaria sea industrializada en origen\u201d, consider\u00f3.<\/p>\n<p>Asimismo, destac\u00f3 los cr\u00e9ditos otorgados por el Banco Provincia al sector productivo y el crecimiento en la cantidad de clientes de esta entidad, mientras que celebr\u00f3 el funcionamiento de la Cuenta DNI con la que \u201cse tramitan 10 operaciones por segundo\u201d en promedio.<\/p>\n<h2><strong>Obras<\/strong><\/h2>\n<p>Kicillof destac\u00f3 distintas obras viales realizadas por la Provincia y por Naci\u00f3n, entre ellas la pavimentaci\u00f3n de \u201c11 mil cuadras de tierra\u201d.<\/p>\n<p>El Gobernador tambi\u00e9n se refiri\u00f3 al Plan Maestro del R\u00edo Salado. \u201cEstamos construyendo de nuevo el r\u00edo. Se ha ampliado en su ancho pr\u00e1cticamente en tres veces y pr\u00e1cticamente en doble en su profundidad\u201d, indic\u00f3.<\/p>\n<p>\u201cLlevamos ejecutados m\u00e1s de 130 kil\u00f3metros, la gesti\u00f3n pasada hizo 36 de esta obra\u201d, indic\u00f3. Adem\u00e1s, adelant\u00f3 que se llamar\u00e1 a la licitaci\u00f3n del tramo cinco del Plan.<\/p>\n<p>El mandatario tambi\u00e9n detall\u00f3 que se aprobaron m\u00e1s de 1.400 proyectos de obras municipales con financiamiento provincial. \u201cSe financi\u00f3 una cantidad in\u00e9dita\u201d, asegur\u00f3. Y agradeci\u00f3 a los intendentes de todos los municipios.<\/p>\n<p>En cuanto a las viviendas, se\u00f1al\u00f3 que tenemos m\u00e1s de 237 obras en marcha en 107 municipios. \u201cSolo desde la provincia estamos construyendo 12.162 viviendas\u201d, indic\u00f3. Y agreg\u00f3 que \u201cen conjunto con el Gobierno nacional se est\u00e1n construyendo un total 29.732 viviendas\u201d.<\/p>\n<p>De la Asamblea, participan funcionarios bonaerenses, intendentes, los integrantes de la Suprema Corte provincial, legisladores nacionales, dirigentes gremiales y el arzobispo de La Plata, V\u00edctor Manuel Fern\u00e1ndez<strong>(VW)<\/strong>.<\/p>\n","protected":false},"excerpt":{"rendered":"<p>En su discurso asegur\u00f3 que \u00bb\u00a0Hoy es mi \u00faltima apertura o en todo caso la \u00faltima de esta primera etapa\u201d, expreso el mandatario provincial.<\/p>\n","protected":false},"author":3,"featured_media":9836,"comment_status":"closed","ping_status":"closed","sticky":false,"template":"","format":"standard","meta":{"_monsterinsights_skip_tracking":false,"_monsterinsights_sitenote_active":false,"_monsterinsights_sitenote_note":"","_monsterinsights_sitenote_category":0,"footnotes":""},"categories":[4],"tags":[143,587,4090,470],"class_list":["post-9835","post","type-post","status-publish","format-standard","has-post-thumbnail","hentry","category-politica","tag-diputados","tag-gobernador","tag-periodo","tag-sesiones"],"_links":{"self":[{"href":"https:\/\/www.visionweb.com.ar\/index.php?rest_route=\/wp\/v2\/posts\/9835","targetHints":{"allow":["GET"]}}],"collection":[{"href":"https:\/\/www.visionweb.com.ar\/index.php?rest_route=\/wp\/v2\/posts"}],"about":[{"href":"https:\/\/www.visionweb.com.ar\/index.php?rest_route=\/wp\/v2\/types\/post"}],"author":[{"embeddable":true,"href":"https:\/\/www.visionweb.com.ar\/index.php?rest_route=\/wp\/v2\/users\/3"}],"replies":[{"embeddable":true,"href":"https:\/\/www.visionweb.com.ar\/index.php?rest_route=%2Fwp%2Fv2%2Fcomments&post=9835"}],"version-history":[{"count":1,"href":"https:\/\/www.visionweb.com.ar\/index.php?rest_route=\/wp\/v2\/posts\/9835\/revisions"}],"predecessor-version":[{"id":9837,"href":"https:\/\/www.visionweb.com.ar\/index.php?rest_route=\/wp\/v2\/posts\/9835\/revisions\/9837"}],"wp:featuredmedia":[{"embeddable":true,"href":"https:\/\/www.visionweb.com.ar\/index.php?rest_route=\/wp\/v2\/media\/9836"}],"wp:attachment":[{"href":"https:\/\/www.visionweb.com.ar\/index.php?rest_route=%2Fwp%2Fv2%2Fmedia&parent=9835"}],"wp:term":[{"taxonomy":"category","embeddable":true,"href":"https:\/\/www.visionweb.com.ar\/index.php?rest_route=%2Fwp%2Fv2%2Fcategories&post=9835"},{"taxonomy":"post_tag","embeddable":true,"href":"https:\/\/www.visionweb.com.ar\/index.php?rest_route=%2Fwp%2Fv2%2Ftags&post=9835"}],"curies":[{"name":"wp","href":"https:\/\/api.w.org\/{rel}","templated":true}]}}