{"id":9832,"date":"2023-03-06T11:37:20","date_gmt":"2023-03-06T14:37:20","guid":{"rendered":"https:\/\/www.visionweb.com.ar\/?p=9832"},"modified":"2023-03-06T11:37:20","modified_gmt":"2023-03-06T14:37:20","slug":"comenzaron-las-gestiones-para-llevar-el-mate-a-las-escuelas-de-todo-el-pais","status":"publish","type":"post","link":"https:\/\/www.visionweb.com.ar\/?p=9832","title":{"rendered":"Comenzaron las gestiones para llevar el Mate a las escuelas de todo el pa\u00eds"},"content":{"rendered":"<p><em><strong>La iniciativa incluye contenidos pedag\u00f3gicos relacionados a la producci\u00f3n de yerba mate, su valor hist\u00f3rico, social y cultural; como as\u00ed tambi\u00e9n las propiedades y beneficio que tiene su consumo.<\/strong><\/em><!--more--><\/p>\n<div id=\"attachment_9833\" style=\"width: 310px\" class=\"wp-caption alignright\"><img loading=\"lazy\" decoding=\"async\" aria-describedby=\"caption-attachment-9833\" class=\"wp-image-9833 size-medium\" src=\"https:\/\/www.visionweb.com.ar\/wp-content\/uploads\/2023\/03\/el-mate-300x193.png\" alt=\"\" width=\"300\" height=\"193\" srcset=\"https:\/\/www.visionweb.com.ar\/wp-content\/uploads\/2023\/03\/el-mate-300x193.png 300w, https:\/\/www.visionweb.com.ar\/wp-content\/uploads\/2023\/03\/el-mate-1024x660.png 1024w, https:\/\/www.visionweb.com.ar\/wp-content\/uploads\/2023\/03\/el-mate-768x495.png 768w, https:\/\/www.visionweb.com.ar\/wp-content\/uploads\/2023\/03\/el-mate.png 1169w\" sizes=\"auto, (max-width: 300px) 100vw, 300px\" \/><p id=\"caption-attachment-9833\" class=\"wp-caption-text\"><em><strong>El gobernador misionero, Oscar Ahuad, el ministro Jaime Perzyck y el titular del INYM, Juan Jos\u00e9 Szychowski, juntos buscan ipulsar el mate en las escuelas (Foto INYM)<\/strong><\/em><\/p><\/div>\n<p><strong>\u00a0 \u00a0 L<\/strong>a infusi\u00f3n m\u00e1s popular de la Argentina, el mate, ser\u00e1 promocionada en todas las escuelas del pa\u00eds, de prosperar una iniciativa que llevan adelante el INYN y la provincia de Misiones, que juntos. buscan persuadir al ministerio de Educaci\u00f3n de la Naci\u00f3n para que se adopte.<\/p>\n<p>En ese sentido. el presidente del INYM, Juan Jos\u00e9 Szychowski y el gobernador de Misiones, Oscar Herrera Ahuad, propusieron al ministro de Educaci\u00f3n de la Naci\u00f3n, Jaime Perczyk, llegar con la iniciativa a distintos establecimientos educativos de la Argentina.<\/p>\n<p>Una iniciativa similar se puso en pr\u00e1ctica\u00a0 y se lleva adelante en Misiones, por medio de un convenio con el Gobierno Provincial.<\/p>\n<p>El presidente del INYM, Juan Jos\u00e9 Szychowski y el gobernador de Misiones, Oscar Herrera Ahuad, mantuvieron este mi\u00e9rcoles 1 de marzo, un encuentro con el ministro de Educaci\u00f3n de la Naci\u00f3n, Jaime Perczyk, donde se propuso llevar a todo el pa\u00eds el programa \u201cEl Mate en la Escuela\u201d, que ya se instrumenta en Misiones, por medio de un convenio entre el INYM y el Ministerio de Cultura, Educaci\u00f3n, Ciencia y Tecnolog\u00eda de la Provincia.<\/p>\n<p>La propuesta fue presentada en el marco del acto de inicio del a\u00f1o escolar, realizado en la Escuela Especial 1 de Posadas, donde el gobernador dio inicio al ciclo lectivo acompa\u00f1ado del titular de la cartera educativa nacional y el ministro de Educaci\u00f3n de la Provincia, Miguel Sedoff; adem\u00e1s de otros funcionarios<\/p>\n<p>En ese sentido, el presidente del INYM destac\u00f3 \u201cel apoyo brindado por la administraci\u00f3n que encabeza el gobernador Herrera Ahuad para llevar adelante este proyecto que comenz\u00f3 el a\u00f1o pasado en varios establecimientos educativos de Misiones, de la mano de las gestiones efectuadas por el ministro Sedoff\u201d.<\/p>\n<p>Cabe recordar que la iniciativa incluye contenidos pedag\u00f3gicos relacionados a la producci\u00f3n de yerba mate, su valor hist\u00f3rico, social y cultural; como as\u00ed tambi\u00e9n las propiedades y beneficio que tiene su consumo en la salud humana. Al mismo tiempo, el INYM provee a los alumnos mates autocebantes, yerba mate y dispensers de agua caliente.<\/p>\n<p>El a\u00f1o pasado el Mate en la Escuela se instrument\u00f3 en los cursos de 3, 4 y 5 a\u00f1o en la EFA Cristo Rey de Los Helechos; los bachilleratos Orientados Provincial N 54 de Andresito, N 32 de Azara, N 7 de Dos de Mayo y N 9 de Posadas; el Colegio 2 de Itaemb\u00e9 Min\u00ed, tambi\u00e9n en esta \u00faltima ciudad; en la Escuela Normal Mariano Moreno de Ap\u00f3stoles y en el Centro Educativo Polimodal N 8 de Ober\u00e1. En todas las escuelas se dictaron talleres, charlas, y se distribuyeron los mates autocebantes<strong>(VW)<\/strong><\/p>\n","protected":false},"excerpt":{"rendered":"<p>La iniciativa incluye contenidos pedag\u00f3gicos relacionados a la producci\u00f3n de yerba mate, su valor hist\u00f3rico, social y cultural; como as\u00ed tambi\u00e9n las propiedades y beneficio que tiene su consumo.<\/p>\n","protected":false},"author":3,"featured_media":9833,"comment_status":"closed","ping_status":"closed","sticky":false,"template":"","format":"standard","meta":{"_monsterinsights_skip_tracking":false,"_monsterinsights_sitenote_active":false,"_monsterinsights_sitenote_note":"","_monsterinsights_sitenote_category":0,"footnotes":""},"categories":[7,8],"tags":[430,2852,4089,1462,4088],"class_list":["post-9832","post","type-post","status-publish","format-standard","has-post-thumbnail","hentry","category-educacion-y-cultura","category-interes-general","tag-escuelas","tag-iniciativa","tag-inym","tag-misiones","tag-yerbmate"],"_links":{"self":[{"href":"https:\/\/www.visionweb.com.ar\/index.php?rest_route=\/wp\/v2\/posts\/9832","targetHints":{"allow":["GET"]}}],"collection":[{"href":"https:\/\/www.visionweb.com.ar\/index.php?rest_route=\/wp\/v2\/posts"}],"about":[{"href":"https:\/\/www.visionweb.com.ar\/index.php?rest_route=\/wp\/v2\/types\/post"}],"author":[{"embeddable":true,"href":"https:\/\/www.visionweb.com.ar\/index.php?rest_route=\/wp\/v2\/users\/3"}],"replies":[{"embeddable":true,"href":"https:\/\/www.visionweb.com.ar\/index.php?rest_route=%2Fwp%2Fv2%2Fcomments&post=9832"}],"version-history":[{"count":1,"href":"https:\/\/www.visionweb.com.ar\/index.php?rest_route=\/wp\/v2\/posts\/9832\/revisions"}],"predecessor-version":[{"id":9834,"href":"https:\/\/www.visionweb.com.ar\/index.php?rest_route=\/wp\/v2\/posts\/9832\/revisions\/9834"}],"wp:featuredmedia":[{"embeddable":true,"href":"https:\/\/www.visionweb.com.ar\/index.php?rest_route=\/wp\/v2\/media\/9833"}],"wp:attachment":[{"href":"https:\/\/www.visionweb.com.ar\/index.php?rest_route=%2Fwp%2Fv2%2Fmedia&parent=9832"}],"wp:term":[{"taxonomy":"category","embeddable":true,"href":"https:\/\/www.visionweb.com.ar\/index.php?rest_route=%2Fwp%2Fv2%2Fcategories&post=9832"},{"taxonomy":"post_tag","embeddable":true,"href":"https:\/\/www.visionweb.com.ar\/index.php?rest_route=%2Fwp%2Fv2%2Ftags&post=9832"}],"curies":[{"name":"wp","href":"https:\/\/api.w.org\/{rel}","templated":true}]}}