{"id":9827,"date":"2023-03-06T07:30:08","date_gmt":"2023-03-06T10:30:08","guid":{"rendered":"https:\/\/www.visionweb.com.ar\/?p=9827"},"modified":"2023-03-05T21:18:21","modified_gmt":"2023-03-06T00:18:21","slug":"bullrich-avalo-con-su-presencia-la-pre-candidatura-a-gobernador-de-grindetti","status":"publish","type":"post","link":"https:\/\/www.visionweb.com.ar\/?p=9827","title":{"rendered":"Bullrich aval\u00f3 con su presencia la pre candidatura a gobernador de Grindetti"},"content":{"rendered":"<p><em><strong>La presidenta del PRO Nacional, Patricia Bullrich, estuvo en Lan\u00fas. Recorri\u00f3 varias localidades del distrito y particip\u00f3 del acto de lanzamiento del Intendente para su pre candidato \u00a0a la Gobernaci\u00f3n bonaerense.<\/strong><\/em><!--more--><\/p>\n<div id=\"attachment_9828\" style=\"width: 310px\" class=\"wp-caption alignright\"><img loading=\"lazy\" decoding=\"async\" aria-describedby=\"caption-attachment-9828\" class=\"wp-image-9828 size-medium\" src=\"https:\/\/www.visionweb.com.ar\/wp-content\/uploads\/2023\/03\/bullrich-y-grindetti-1-300x168.png\" alt=\"\" width=\"300\" height=\"168\" srcset=\"https:\/\/www.visionweb.com.ar\/wp-content\/uploads\/2023\/03\/bullrich-y-grindetti-1-300x168.png 300w, https:\/\/www.visionweb.com.ar\/wp-content\/uploads\/2023\/03\/bullrich-y-grindetti-1.png 640w\" sizes=\"auto, (max-width: 300px) 100vw, 300px\" \/><p id=\"caption-attachment-9828\" class=\"wp-caption-text\"><em><strong>Patricia Bullrich, presidenta del PRO nacional, junto al intendente de Lan\u00fas, N\u00e9stor Grindetti en el lanzamiento de su pre candidatura a la gobernaci\u00f3n bonaerense. (Foto Alejandra Rodr\u00edguez) <\/strong><\/em><\/p><\/div>\n<p><strong>\u00a0 \u00a0 \u00a0 L<\/strong>a titular del PRO nacional, Patricia Bullrich apoy\u00f3 con su presencia el lanzamiento de N\u00e9stor Grindetti \u00a0como pre candidato a la Gobernaci\u00f3n bonaerense.<\/p>\n<p>El respaldo se concret\u00f3 en una acto que se realiz\u00f3 en el club Quintana, de Lan\u00fas oeste, del que participaron casi 700 personas entre militantes, vecinos y dirigentes de esta fuerza pol\u00edtica.<\/p>\n<p>Bullrich, en una breve conferencia de prensa que convoc\u00f3 a medios locales y nacionales, cont\u00f3 que junto a Grindetti: \u201cRecorrimos Monte Chingolo, hablamos con los vecinos y acompa\u00f1amos a N\u00e9stor en la incorporaci\u00f3n del cuerpo policial femenino\u201d.<\/p>\n<p>Al ser consultada sobre la \u00a0pre candidatura a la gobernaci\u00f3n\u00a0 de Grindetti, la dirigente pol\u00edtica \u00a0puso de manifiesto que \u201cse est\u00e1 trabajando en una etapa de construcci\u00f3n en la provincia de Buenos Aires, cada vez m\u00e1s profunda y es nuestro candidato a gobernador y a trav\u00e9s de la metodolog\u00eda (de las PASO) habr\u00e1 que resolverlo\u201d<\/p>\n<p>Con respeto a una eventual candidatura suya a la presidencia de la Naci\u00f3n, Bullrich, dej\u00f3 bien en claro que \u201cno s\u00e9 lo que va a ser Mauricio Macri, pero yo ya tengo una decisi\u00f3n tomada\u201d, respecto de los pasos que seguir\u00e1.<\/p>\n<p><strong>Rosario<\/strong><\/p>\n<p>En la rueda de prensa (en ese momento estaba muy fresco el atentado contra un local de la familia Rocuzzo, allegada al futbolista argentino Lio Messi), la l\u00edder del PRO, record\u00f3 que el lunes pasado estuvo en Rosario y: \u201cPlantee lo que se debe hacer ahora, porque lamentablemente, descontinuaron lo que nosotros hab\u00edamos iniciado para controlar los homicidios, los tiroteos y, hab\u00edamos logrado una decapitaci\u00f3n muy fuerte de los narcotraficantes y del narcotr\u00e1fico en la ciudad de Rosario\u201d, precis\u00f3.<\/p>\n<p>\u201cLamentablemente todo eso fue para atr\u00e1s y ahora estamos en una situaci\u00f3n l\u00edmite y a eta atura de los hechos la noticia dio la vuelta al mundo\u201d, puntualiz\u00f3.<\/p>\n<p>Respecto de recientes declaraciones del ministro de Seguridad de la Naci\u00f3n, An\u00edbal Fern\u00e1ndez, respecto de la gesti\u00f3n de la l\u00edder del PRO, en la anterior administraci\u00f3n, \u00a0advirti\u00f3 que: \u201cHabr\u00eda que preguntarles a ellos que hablan de la gesti\u00f3n, los organismos saben lo que nosotros hicimos, saben c\u00f3mo combatimos al narcotr\u00e1fico y, que se diga +la pela se perdi\u00f3+, por parte de un ministro de Seguridad, es preocupante\u201d<\/p>\n<p>\u201cEl problema no es solamente Rosario, el problema es que cuando se empodera al narcotr\u00e1fico y haber desarmado todos los mecanismos que ten\u00edamos con la inteligencia criminal, cuando pasan esas cosas, se desprotege (a la sociedad) y hoy tenemos que poner el ojo en la provincia de Buenos Aires\u201d, aclar\u00f3.<\/p>\n<p>Con relaci\u00f3n a la intervenci\u00f3n de las fuerzas armadas para controlar el avance del narcotr\u00e1fico, la principal referente del PRO agreg\u00f3 que: \u201cCuando un territorio est\u00e1 tomado como Rosario, donde mandan los narcos, y lo que sucedi\u00f3 hoy (por el jueves), es un mensaje mafioso y criminal, que dio la vuelta al mundo y, como \u00a0atacaron a Messi, tambi\u00e9n lo hacen con otras familias v\u00edctimas del narcotr\u00e1fico. El estado tiene que recuperar el territorio, porque debe regir el estado de derecho con la Constituci\u00f3n Nacional\u201d.<\/p>\n<p>\u201cPara que rija la Constituci\u00f3n Nacional, es necesario llevar todas las fuerzas y s\u00ed las fuerzas de seguridad federales no alcanzan, hay que ir tambi\u00e9n con las fuerzas armadas, pero para eso hay que modificar las leyes y esto ya es un tema \u00a0de voluntad pol\u00edtica. Nosotros tuvimos las fuerzas armadas \u00a0en las fronteras y tambi\u00e9n las tuvo Cristina Kirchner en su gobierno \u201c, cerr\u00f3 <strong>(VW)<\/strong><\/p>\n","protected":false},"excerpt":{"rendered":"<p>La presidenta del PRO Nacional, Patricia Bullrich, estuvo en Lan\u00fas. Recorri\u00f3 varias localidades del distrito y particip\u00f3 del acto de lanzamiento del Intendente para su pre candidato \u00a0a la Gobernaci\u00f3n bonaerense.<\/p>\n","protected":false},"author":3,"featured_media":9828,"comment_status":"closed","ping_status":"closed","sticky":false,"template":"","format":"standard","meta":{"_monsterinsights_skip_tracking":false,"_monsterinsights_sitenote_active":false,"_monsterinsights_sitenote_note":"","_monsterinsights_sitenote_category":0,"footnotes":""},"categories":[4],"tags":[504,2820,18,2205],"class_list":["post-9827","post","type-post","status-publish","format-standard","has-post-thumbnail","hentry","category-politica","tag-bullrich","tag-gobernacion","tag-grindetti","tag-rosario"],"_links":{"self":[{"href":"https:\/\/www.visionweb.com.ar\/index.php?rest_route=\/wp\/v2\/posts\/9827","targetHints":{"allow":["GET"]}}],"collection":[{"href":"https:\/\/www.visionweb.com.ar\/index.php?rest_route=\/wp\/v2\/posts"}],"about":[{"href":"https:\/\/www.visionweb.com.ar\/index.php?rest_route=\/wp\/v2\/types\/post"}],"author":[{"embeddable":true,"href":"https:\/\/www.visionweb.com.ar\/index.php?rest_route=\/wp\/v2\/users\/3"}],"replies":[{"embeddable":true,"href":"https:\/\/www.visionweb.com.ar\/index.php?rest_route=%2Fwp%2Fv2%2Fcomments&post=9827"}],"version-history":[{"count":3,"href":"https:\/\/www.visionweb.com.ar\/index.php?rest_route=\/wp\/v2\/posts\/9827\/revisions"}],"predecessor-version":[{"id":9831,"href":"https:\/\/www.visionweb.com.ar\/index.php?rest_route=\/wp\/v2\/posts\/9827\/revisions\/9831"}],"wp:featuredmedia":[{"embeddable":true,"href":"https:\/\/www.visionweb.com.ar\/index.php?rest_route=\/wp\/v2\/media\/9828"}],"wp:attachment":[{"href":"https:\/\/www.visionweb.com.ar\/index.php?rest_route=%2Fwp%2Fv2%2Fmedia&parent=9827"}],"wp:term":[{"taxonomy":"category","embeddable":true,"href":"https:\/\/www.visionweb.com.ar\/index.php?rest_route=%2Fwp%2Fv2%2Fcategories&post=9827"},{"taxonomy":"post_tag","embeddable":true,"href":"https:\/\/www.visionweb.com.ar\/index.php?rest_route=%2Fwp%2Fv2%2Ftags&post=9827"}],"curies":[{"name":"wp","href":"https:\/\/api.w.org\/{rel}","templated":true}]}}