{"id":9824,"date":"2023-03-05T09:06:34","date_gmt":"2023-03-05T12:06:34","guid":{"rendered":"https:\/\/www.visionweb.com.ar\/?p=9824"},"modified":"2023-03-05T09:06:34","modified_gmt":"2023-03-05T12:06:34","slug":"este-lunes-no-habra-trenes-en-la-lineas-que-cubren-la-region-amba","status":"publish","type":"post","link":"https:\/\/www.visionweb.com.ar\/?p=9824","title":{"rendered":"Este lunes no habr\u00e1 trenes en la l\u00edneas que cubren la regi\u00f3n AMBA"},"content":{"rendered":"<p><em><strong>Es por una protesta de los trabajadores de seguridad tercerizados. Cortar\u00e1n las v\u00edas a la altura de la estaci\u00f3n Avellaneda (Kostequi y Satillan).<\/strong><\/em><!--more--><\/p>\n<p><strong><img loading=\"lazy\" decoding=\"async\" class=\"size-full wp-image-2387 alignleft\" src=\"https:\/\/www.visionweb.com.ar\/wp-content\/uploads\/2021\/08\/trenes-I.bmp\" alt=\"\" width=\"559\" height=\"310\" \/>E<\/strong>ste lunes 6 de marzo, no habr\u00e1 trenes en en cinco de las seis l\u00edneas que unen a la ciudad de Buenos Aires con las zonas suburbanas a consecuencia\u00a0 de una protesta del personal de seguridad tercerizado\u00a0 por la falta de pago de un plus ferroviario.<\/p>\n<p>Lo protesta que afectar\u00e1 a las l\u00edneas Belgrano sur, Roca, Sarmiento, San Mart\u00edn y Mitre, se extender\u00e1 por 24 horas y, seg\u00fan inform\u00f3 el Sindicato de Trabajadores de Seguridad, Rama Ferroviarios, incluir\u00e1 el corte de las v\u00edas para impedir la circulaci\u00f3n de los trenes.<\/p>\n<p>\u00abAnte el silencio de Trenes Argentinos y el Ministerio de Transporte que adeudan la actualizaci\u00f3n de los montos desde el per\u00edodo que indicaban los acuerdos firmados en 2021 y con el aval del gremio UPSRA (Seguridad Privada) se comunica al usuario que se interrumpir\u00e1 el tr\u00e1nsito de todas las l\u00edneas ferroviarias\u00bb, informaron desde el gremio en un comunicado.<\/p>\n<p>Los reclamos de este grupo de trabajadores tercerizados se realizan desde hace tiempo y han generado problemas con los usuarios y con Trenes Argentinos. Hace cerca de un a\u00f1o, los cortes en la estaci\u00f3n Avellaneda del Tren Roca en el horario pico de la tarde se hicieron costumbre hasta que acordaron nuevas condiciones laborales.<\/p>\n<p>En este caso el paro afectar\u00e1 las l\u00edneas que van hacia el sur del conurbano desde Plaza Constituci\u00f3n y\u00a0 todas las que operan en el \u00c1rea Metropolitana tanto desde Once y desde Retiro.<\/p>\n<p>Quienes realizar\u00e1n el paro y el corte de v\u00edas son empleados de las empresas L\u00edderes y MCM que trabajan en sobre los trenes y en las estaciones como prevenci\u00f3n, pero que reclaman ser incorporados a la estructura de la empresa estatal.<strong>(WP)<\/strong><\/p>\n<p>&nbsp;<\/p>\n","protected":false},"excerpt":{"rendered":"<p>Es por una protesta de los trabajadores de seguridad tercerizados. Cortar\u00e1n las v\u00edas a la altura de la estaci\u00f3n Avellaneda (Kostequi y Satillan).<\/p>\n","protected":false},"author":3,"featured_media":7099,"comment_status":"closed","ping_status":"closed","sticky":false,"template":"","format":"standard","meta":{"_monsterinsights_skip_tracking":false,"_monsterinsights_sitenote_active":false,"_monsterinsights_sitenote_note":"","_monsterinsights_sitenote_category":0,"footnotes":""},"categories":[1822],"tags":[252,529,90],"class_list":["post-9824","post","type-post","status-publish","format-standard","has-post-thumbnail","hentry","category-internacionales","tag-paro","tag-seguridad","tag-trenes"],"_links":{"self":[{"href":"https:\/\/www.visionweb.com.ar\/index.php?rest_route=\/wp\/v2\/posts\/9824","targetHints":{"allow":["GET"]}}],"collection":[{"href":"https:\/\/www.visionweb.com.ar\/index.php?rest_route=\/wp\/v2\/posts"}],"about":[{"href":"https:\/\/www.visionweb.com.ar\/index.php?rest_route=\/wp\/v2\/types\/post"}],"author":[{"embeddable":true,"href":"https:\/\/www.visionweb.com.ar\/index.php?rest_route=\/wp\/v2\/users\/3"}],"replies":[{"embeddable":true,"href":"https:\/\/www.visionweb.com.ar\/index.php?rest_route=%2Fwp%2Fv2%2Fcomments&post=9824"}],"version-history":[{"count":1,"href":"https:\/\/www.visionweb.com.ar\/index.php?rest_route=\/wp\/v2\/posts\/9824\/revisions"}],"predecessor-version":[{"id":9825,"href":"https:\/\/www.visionweb.com.ar\/index.php?rest_route=\/wp\/v2\/posts\/9824\/revisions\/9825"}],"wp:featuredmedia":[{"embeddable":true,"href":"https:\/\/www.visionweb.com.ar\/index.php?rest_route=\/wp\/v2\/media\/7099"}],"wp:attachment":[{"href":"https:\/\/www.visionweb.com.ar\/index.php?rest_route=%2Fwp%2Fv2%2Fmedia&parent=9824"}],"wp:term":[{"taxonomy":"category","embeddable":true,"href":"https:\/\/www.visionweb.com.ar\/index.php?rest_route=%2Fwp%2Fv2%2Fcategories&post=9824"},{"taxonomy":"post_tag","embeddable":true,"href":"https:\/\/www.visionweb.com.ar\/index.php?rest_route=%2Fwp%2Fv2%2Ftags&post=9824"}],"curies":[{"name":"wp","href":"https:\/\/api.w.org\/{rel}","templated":true}]}}