{"id":9819,"date":"2023-03-03T14:27:46","date_gmt":"2023-03-03T17:27:46","guid":{"rendered":"https:\/\/www.visionweb.com.ar\/?p=9819"},"modified":"2023-03-03T14:27:46","modified_gmt":"2023-03-03T17:27:46","slug":"ola-de-calor-tras-el-apagon-masivo-quedan-40-mil-usuarios-sin-luz","status":"publish","type":"post","link":"https:\/\/www.visionweb.com.ar\/?p=9819","title":{"rendered":"Ola de calor: Tras el apag\u00f3n masivo quedan 40 mil usuarios sin luz"},"content":{"rendered":"<p><em><strong>El servicio Meteorol\u00f3gico lanz\u00f3 el \u201cAlerta Rojo\u201d. se suma una nube de humo cubre la ciudad por los incendios en el Delta. Por su parte, Edesur emiti\u00f3 un mail informativo por un \u201cOperativo especial para el fin de semana\u201d, ante la ola de calor.<\/strong><\/em><!--more--><\/p>\n<div id=\"attachment_9821\" style=\"width: 310px\" class=\"wp-caption alignright\"><img loading=\"lazy\" decoding=\"async\" aria-describedby=\"caption-attachment-9821\" class=\"wp-image-9821 size-medium\" src=\"https:\/\/www.visionweb.com.ar\/wp-content\/uploads\/2023\/03\/calor-y-cortes-300x127.jpg\" alt=\"\" width=\"300\" height=\"127\" srcset=\"https:\/\/www.visionweb.com.ar\/wp-content\/uploads\/2023\/03\/calor-y-cortes-300x127.jpg 300w, https:\/\/www.visionweb.com.ar\/wp-content\/uploads\/2023\/03\/calor-y-cortes.bmp 419w\" sizes=\"auto, (max-width: 300px) 100vw, 300px\" \/><p id=\"caption-attachment-9821\" class=\"wp-caption-text\">Alerta rojo del MSN por altas temperaturas<\/p><\/div>\n<p><strong> \u00a0 E<\/strong>l\u00a0Servicio Meteorol\u00f3gico Nacional (SMN)\u00a0<strong>lanz\u00f3\u00a0un alerta de nivel rojo por temperaturas extremas<\/strong>\u00a0que estar\u00e1 en vigencia hasta las 18 de hoy, por temperaturas promedio por encima de los 30 grados.<\/p>\n<p>El alerta es una herramienta que anticipa a la poblaci\u00f3n acerca de situaciones meteorol\u00f3gicas extremas, y en el caso del nivel rojo\u00a0indica que<strong>\u00a0<\/strong><strong>las temperaturas pueden tener un efecto alto a extremo<\/strong><strong>\u00a0<\/strong>en la salud muy peligroso y puede<strong>\u00a0afectar a todas las personas, incluso a las saludables<\/strong>.<\/p>\n<p>Las zonas afectadas hoy por\u00a0<strong>el alerta rojo<\/strong><strong>\u00a0<\/strong>son la<strong>\u00a0<\/strong><strong>ciudad de Buenos Aires, gran parte del \u00c1rea Metropolitana<\/strong><strong>\u00a0<\/strong>y sectores del centro de la provincia de Buenos Aires, como\u00a0<strong>General Alvear, General Belgrano, Las Flores, Lobos y Saladillo<\/strong>, donde se esperan temperaturas m\u00e1ximas entre los\u00a0<strong>36 y 38 grados<\/strong>.<\/p>\n<p>En la zona sur del Gran Buenos Aires las zonas afectadas son\u00a0<strong>Almirante Brown, Avellaneda, Berazategui, Florencia Varela, Lan\u00fas, Lomas de Zamora, Presidente Per\u00f3n y Quilmes<\/strong>, donde se pronosticaron m\u00e1ximas en torno a los 36 grados.<\/p>\n<p>Para el s\u00e1bado se pronostica\u00a0<strong>la posibilidad de lluvias entre la ma\u00f1ana y la tarde<\/strong>, se espera que el calor sea la constante con temperaturas m\u00ednimas de 24 grados y m\u00e1ximas de 33.<\/p>\n<p>El domingo, el cielo estar\u00e1 mayormente despejado con\u00a0<strong>una m\u00ednima de 23 grados y una m\u00e1xima de 31<\/strong>. La tendencia se mantiene para los primeros d\u00edas de la semana pr\u00f3xima, con<strong>\u00a0<\/strong><strong>valores m\u00ednimos y m\u00e1ximos que estar\u00e1n en los 23 y los 33 grados<\/strong>\u00a0por lo menos hasta el mi\u00e9rcoles.<\/p>\n<div id=\"attachment_9822\" style=\"width: 310px\" class=\"wp-caption alignleft\"><a href=\"https:\/\/www.visionweb.com.ar\/wp-content\/uploads\/2023\/03\/la-ciudad-con-humo.bmp\"><img loading=\"lazy\" decoding=\"async\" aria-describedby=\"caption-attachment-9822\" class=\"wp-image-9822 size-medium\" src=\"https:\/\/www.visionweb.com.ar\/wp-content\/uploads\/2023\/03\/la-ciudad-con-humo-300x171.jpg\" alt=\"\" width=\"300\" height=\"171\" srcset=\"https:\/\/www.visionweb.com.ar\/wp-content\/uploads\/2023\/03\/la-ciudad-con-humo-300x171.jpg 300w, https:\/\/www.visionweb.com.ar\/wp-content\/uploads\/2023\/03\/la-ciudad-con-humo.bmp 377w\" sizes=\"auto, (max-width: 300px) 100vw, 300px\" \/><\/a><p id=\"caption-attachment-9822\" class=\"wp-caption-text\">La ciudad afectada por el humo debido a los incendios. M\u00e1s de 40 mil usuarios siguen sin luz.<\/p><\/div>\n<p>El pa\u00eds entero est\u00e1 atravesando\u00a0<strong>el verano m\u00e1s agobiante del \u00faltimo siglo<\/strong>, con una suma constante de d\u00edas con registros que van entre los 34 y 37 grados, indic\u00f3 el SMN.<\/p>\n<p>Por su parte, la concesionaria Edesur, inform\u00f3 por mail a los usuarios, que: \u201cAnte la ola de calor y la temperatura que supera los 30\u00b0, continuamos trabajando para garantizar el servicio el\u00e9ctrico a todos los vecinos\u201d.<\/p>\n<p>A la vez, el comunicado indic\u00f3: \u201cEste fin de semana vamos a montar un\u00a0<strong>operativo especial<\/strong>: nuestros equipos t\u00e9cnicos ser\u00e1n reforzados, al igual que los canales de atenci\u00f3n: mensaje privado por\u00a0<strong>Facebook, <\/strong>llamar al<strong> 0810 222 0200<\/strong>\u00a0de lunes a viernes de 8 a 17 horas, y ante la falta de luz enviar WhatsApp al n\u00famero\u00a0<strong>1161876995. (VW)<\/strong><\/p>\n","protected":false},"excerpt":{"rendered":"<p>El servicio Meteorol\u00f3gico lanz\u00f3 el \u201cAlerta Rojo\u201d. se suma una nube de humo cubre la ciudad por los incendios en el Delta. Por su parte, Edesur emiti\u00f3 un mail informativo por un \u201cOperativo especial&#46;&#46;&#46;<\/p>\n","protected":false},"author":4,"featured_media":9822,"comment_status":"closed","ping_status":"closed","sticky":false,"template":"","format":"standard","meta":{"_monsterinsights_skip_tracking":false,"_monsterinsights_sitenote_active":false,"_monsterinsights_sitenote_note":"","_monsterinsights_sitenote_category":0,"footnotes":""},"categories":[8],"tags":[3591,276,4086,1627,4087,1629],"class_list":["post-9819","post","type-post","status-publish","format-standard","has-post-thumbnail","hentry","category-interes-general","tag-alerta-roja","tag-edesur","tag-humo","tag-ola-de-calor","tag-sin-luz","tag-smn"],"_links":{"self":[{"href":"https:\/\/www.visionweb.com.ar\/index.php?rest_route=\/wp\/v2\/posts\/9819","targetHints":{"allow":["GET"]}}],"collection":[{"href":"https:\/\/www.visionweb.com.ar\/index.php?rest_route=\/wp\/v2\/posts"}],"about":[{"href":"https:\/\/www.visionweb.com.ar\/index.php?rest_route=\/wp\/v2\/types\/post"}],"author":[{"embeddable":true,"href":"https:\/\/www.visionweb.com.ar\/index.php?rest_route=\/wp\/v2\/users\/4"}],"replies":[{"embeddable":true,"href":"https:\/\/www.visionweb.com.ar\/index.php?rest_route=%2Fwp%2Fv2%2Fcomments&post=9819"}],"version-history":[{"count":2,"href":"https:\/\/www.visionweb.com.ar\/index.php?rest_route=\/wp\/v2\/posts\/9819\/revisions"}],"predecessor-version":[{"id":9823,"href":"https:\/\/www.visionweb.com.ar\/index.php?rest_route=\/wp\/v2\/posts\/9819\/revisions\/9823"}],"wp:featuredmedia":[{"embeddable":true,"href":"https:\/\/www.visionweb.com.ar\/index.php?rest_route=\/wp\/v2\/media\/9822"}],"wp:attachment":[{"href":"https:\/\/www.visionweb.com.ar\/index.php?rest_route=%2Fwp%2Fv2%2Fmedia&parent=9819"}],"wp:term":[{"taxonomy":"category","embeddable":true,"href":"https:\/\/www.visionweb.com.ar\/index.php?rest_route=%2Fwp%2Fv2%2Fcategories&post=9819"},{"taxonomy":"post_tag","embeddable":true,"href":"https:\/\/www.visionweb.com.ar\/index.php?rest_route=%2Fwp%2Fv2%2Ftags&post=9819"}],"curies":[{"name":"wp","href":"https:\/\/api.w.org\/{rel}","templated":true}]}}