{"id":9798,"date":"2023-03-03T10:40:15","date_gmt":"2023-03-03T13:40:15","guid":{"rendered":"https:\/\/www.visionweb.com.ar\/?p=9798"},"modified":"2023-03-03T10:40:15","modified_gmt":"2023-03-03T13:40:15","slug":"inseguridad-en-rosario-las-acciones-del-gobierno-que-tardan","status":"publish","type":"post","link":"https:\/\/www.visionweb.com.ar\/?p=9798","title":{"rendered":"Inseguridad en Rosario: Las acciones del gobierno que tardan"},"content":{"rendered":"<p><em><strong>\u201cEs un problema muy serio y\u00a0hay que hacer algo por los rosarinos y santafesinos porque son argentinos\u201c, dijo ayer el presidente desde Salta.<\/strong><\/em><!--more--><\/p>\n<div id=\"attachment_9800\" style=\"width: 310px\" class=\"wp-caption alignright\"><img loading=\"lazy\" decoding=\"async\" aria-describedby=\"caption-attachment-9800\" class=\"wp-image-9800 size-medium\" src=\"https:\/\/www.visionweb.com.ar\/wp-content\/uploads\/2023\/03\/mensaje-mafioso-a-mesi-300x133.jpg\" alt=\"\" width=\"300\" height=\"133\" srcset=\"https:\/\/www.visionweb.com.ar\/wp-content\/uploads\/2023\/03\/mensaje-mafioso-a-mesi-300x133.jpg 300w, https:\/\/www.visionweb.com.ar\/wp-content\/uploads\/2023\/03\/mensaje-mafioso-a-mesi.jpg 325w\" sizes=\"auto, (max-width: 300px) 100vw, 300px\" \/><p id=\"caption-attachment-9800\" class=\"wp-caption-text\">El mensaje amenazador a Messi. Foto: internet<\/p><\/div>\n<p><strong> \u00a0 \u00a0L<\/strong>a inseguridad y la violencia narco en <strong>Rosario<\/strong> desborda desde hace tiempo con <strong>m\u00e1s de 300 muertos en s\u00f3lo 14 meses,\u00a0y el ataque de ayer al supermercado de la familia de Antonela Roccuzzo caus\u00f3 conmoci\u00f3n al mundo y agudiz\u00f3 la postura del gobierno nacional en materia de inseguridad en Santa Fe.<\/strong><\/p>\n<p><strong>E<\/strong>l ataque de ayer, fue a las 2:53 am, con 14 balas que atravesaron las persianas del supermercado \u00danico, propiedad del suegro de Lionel Messi,y dejaron un <strong>mensaje mafioso al jugador argentino.<\/strong><\/p>\n<p>El presidente Alberto Fern\u00e1ndez se refiri\u00f3 ayer por la tarde a este ataque y admiti\u00f3 que\u00a0<strong>\u201cel problema de la violencia y el crimen organizado es un problema muy serio\u201d.<\/strong><\/p>\n<p>Desde La Poma, Salta, en un acto de entrega de viviendas, revel\u00f3 que el Gobierno analiza medidas para combatir al narcotr\u00e1fico que azota a Santa Fe. \u201cHoy\u00a0<strong>amanec\u00ed con una noticia fea<\/strong>, que hab\u00edan baleado un supermercado, y me comuniqu\u00e9 con el intendente, y el jefe de Gabinete, y les dije que pongamos en marcha porque\u00a0<strong>algo m\u00e1s habr\u00e1 que hacer\u201d<\/strong>.<\/p>\n<p>\u201cAll\u00e1, en Rosario, el problema de la violencia y el crimen organizado es un problema muy serio y\u00a0<strong>hay que hacer algo por los rosarinos y santafesinos porque son argentinos<\/strong>\u201c, dijo el presidente, acompa\u00f1ado por el gobernador salte\u00f1o Gustavo S\u00e1enz.<\/p>\n<p>Mientras, el ministro de Seguridad An\u00edbal Fern\u00e1ndez, expres\u00f3: \u201cGanaron los narcos\u201d. Frente a esta declaraci\u00f3n, el gobernador de Santa Fe, <strong>Omar Perotti<\/strong> manifest\u00f3 el \u00abrepudio total y un\u00e1nime\u00bb de todos los participantes a las expresiones de An\u00edbal Fern\u00e1ndez y reclam\u00f3 al Gobierno central<strong>\u00a0\u00abmayor presencia federal, de efectivos y de log\u00edstica y recursos\u00bb.<\/strong><\/p>\n<p>Ahora, <strong>dirigentes de la oposici\u00f3n y el oficialismo prometen<\/strong><strong>\u00a0<\/strong>acelerar la designaci\u00f3n de jueces para los juzgados vacantes en Santa Fe, que tiene un tercio de los cargos sin cubrir.<\/p>\n<p>Tambi\u00e9n, crear nuevos tribunales en esa provincia, ya que de 28 juzgados, solo est\u00e1n cubiertos 18 por magistrados titulares. Los dem\u00e1s, son suplentes.<\/p>\n<p><strong>La<\/strong> t<strong>oma de medidas pendientes<\/strong> en el Congreso y en el Consejo de la Magistratura, son:<\/p>\n<p>&#8211;\u00a0<strong>Cubrir<\/strong>\u00a0los juzgados, fiscal\u00edas y defensor\u00edas vacantes.<\/p>\n<p>&#8211;\u00a0<strong>Poner en marcha el nuevo C\u00f3digo Penal Procesal en Santa Fe<\/strong>\u00a0con un sistema acusatorio para que los fiscales realicen las investigaciones en lugar de los jueces y se aceleren los procesos, como ya se hizo en Salta y Jujuy.<\/p>\n<p>&#8211;\u00a0<strong>Fortalecer la direcci\u00f3n de Inteligencia<\/strong>\u00a0del Servicio Penitenciario Federal.<\/p>\n<p>&#8211;<strong>\u00a0<\/strong><strong>Aumentar<\/strong>\u00a0los controles sobre el lavado de dinero.<\/p>\n<p>&#8211;<strong>\u00a0<\/strong><strong>Retirar el uso de celulares<\/strong>\u00a0entre los presos condenados por narcotr\u00e1fico.<\/p>\n<p>En la actualidad, hay 3 concursos de jueces y 3 vacantes en tr\u00e1mite en el Consejo de la Magistratura,\u00a0<strong>2 vacantes en las cuales el presidente solo debe elegir uno de tres candidatos propuestos<\/strong>\u00a0y 4 que deben ser aprobados en el Senado, que preside Cristina Kirchner. Los concursos en tr\u00e1mite en la Magistratura son por tres juzgados federales de Santa Fe.<\/p>\n<p>Todos los diputados nacionales por Santa Fe, del Frente de Todos, Juntos por el Cambio y el socialismo, presentaron\u00a0<strong>un proyecto de ley para crear m\u00e1s juzgados y fiscal\u00edas que luchen contra el narcotr\u00e1fico y <\/strong><strong>que se tratar\u00e1 el mi\u00e9rcoles pr\u00f3ximo.<\/strong><\/p>\n<p>Luego, al d\u00eda siguiente, la comisi\u00f3n de Seguridad Interior de la C\u00e1mara de Diputados recibir\u00e1 al ministro de Seguridad, An\u00edbal Fern\u00e1ndez, quien admiti\u00f3 que en Rosario\u00a0<strong>\u201cel narcotr\u00e1fico ha ganado.\u201d<\/strong><\/p>\n<p>Por otra parte, el presidente de la Corte Suprema y presidente del Consejo de la Magistratura, Horacio Rosatti,\u00a0<strong>anunci\u00f3 que se colocar\u00e1n ocho c\u00e1maras en los Tribunales Federales de Rosario<\/strong>\u00a0para atender la \u00abemergencia en materia de seguridad\u00bb, y sumar\u00e1n otras 130 que vigilar\u00e1n los tribunales federales de Rosario. <strong>(VW)<\/strong><\/p>\n<p>&nbsp;<\/p>\n","protected":false},"excerpt":{"rendered":"<p>\u201cEs un problema muy serio y\u00a0hay que hacer algo por los rosarinos y santafesinos porque son argentinos\u201c, dijo ayer el presidente desde Salta.<\/p>\n","protected":false},"author":4,"featured_media":9801,"comment_status":"closed","ping_status":"closed","sticky":false,"template":"","format":"standard","meta":{"_monsterinsights_skip_tracking":false,"_monsterinsights_sitenote_active":false,"_monsterinsights_sitenote_note":"","_monsterinsights_sitenote_category":0,"footnotes":""},"categories":[8,4],"tags":[4079,445,3659,4080,2205],"class_list":["post-9798","post","type-post","status-publish","format-standard","has-post-thumbnail","hentry","category-interes-general","category-politica","tag-ataque-al-suegro-de-messi","tag-gobierno","tag-jueces","tag-narcotrafico","tag-rosario"],"_links":{"self":[{"href":"https:\/\/www.visionweb.com.ar\/index.php?rest_route=\/wp\/v2\/posts\/9798","targetHints":{"allow":["GET"]}}],"collection":[{"href":"https:\/\/www.visionweb.com.ar\/index.php?rest_route=\/wp\/v2\/posts"}],"about":[{"href":"https:\/\/www.visionweb.com.ar\/index.php?rest_route=\/wp\/v2\/types\/post"}],"author":[{"embeddable":true,"href":"https:\/\/www.visionweb.com.ar\/index.php?rest_route=\/wp\/v2\/users\/4"}],"replies":[{"embeddable":true,"href":"https:\/\/www.visionweb.com.ar\/index.php?rest_route=%2Fwp%2Fv2%2Fcomments&post=9798"}],"version-history":[{"count":2,"href":"https:\/\/www.visionweb.com.ar\/index.php?rest_route=\/wp\/v2\/posts\/9798\/revisions"}],"predecessor-version":[{"id":9802,"href":"https:\/\/www.visionweb.com.ar\/index.php?rest_route=\/wp\/v2\/posts\/9798\/revisions\/9802"}],"wp:featuredmedia":[{"embeddable":true,"href":"https:\/\/www.visionweb.com.ar\/index.php?rest_route=\/wp\/v2\/media\/9801"}],"wp:attachment":[{"href":"https:\/\/www.visionweb.com.ar\/index.php?rest_route=%2Fwp%2Fv2%2Fmedia&parent=9798"}],"wp:term":[{"taxonomy":"category","embeddable":true,"href":"https:\/\/www.visionweb.com.ar\/index.php?rest_route=%2Fwp%2Fv2%2Fcategories&post=9798"},{"taxonomy":"post_tag","embeddable":true,"href":"https:\/\/www.visionweb.com.ar\/index.php?rest_route=%2Fwp%2Fv2%2Ftags&post=9798"}],"curies":[{"name":"wp","href":"https:\/\/api.w.org\/{rel}","templated":true}]}}