{"id":9797,"date":"2023-03-03T11:47:32","date_gmt":"2023-03-03T14:47:32","guid":{"rendered":"https:\/\/www.visionweb.com.ar\/?p=9797"},"modified":"2023-03-03T11:53:50","modified_gmt":"2023-03-03T14:53:50","slug":"grindetti-formalizo-su-precandidatura-a-gobernador-bonaerense","status":"publish","type":"post","link":"https:\/\/www.visionweb.com.ar\/?p=9797","title":{"rendered":"Grindetti formaliz\u00f3 su precandidatura a gobernador bonaerense"},"content":{"rendered":"<p><strong><em>Con la compa\u00f1\u00eda de Patricia\u00a0 Bullrich y Diego Kravetz, el intednente de Lan\u00fas, formaliz\u00f3 su precandidatura a la gobernaci\u00f3n bonaerense.<\/em><\/strong><!--more--><\/p>\n<div id=\"attachment_9804\" style=\"width: 310px\" class=\"wp-caption alignright\"><img loading=\"lazy\" decoding=\"async\" aria-describedby=\"caption-attachment-9804\" class=\"wp-image-9804 size-medium\" src=\"https:\/\/www.visionweb.com.ar\/wp-content\/uploads\/2023\/03\/GRINDETTI-300x209.jpeg\" alt=\"\" width=\"300\" height=\"209\" srcset=\"https:\/\/www.visionweb.com.ar\/wp-content\/uploads\/2023\/03\/GRINDETTI-300x209.jpeg 300w, https:\/\/www.visionweb.com.ar\/wp-content\/uploads\/2023\/03\/GRINDETTI.jpeg 640w\" sizes=\"auto, (max-width: 300px) 100vw, 300px\" \/><p id=\"caption-attachment-9804\" class=\"wp-caption-text\"><em><strong>Grindetti anuncia su pre candidatura a gobernador a gobernador bonaerense (Prensa PRO) <\/strong><\/em><\/p><\/div>\n<p><strong>C<\/strong>on una fuerte impronta en la educaci\u00f3n, el actual intendente de Lan\u00fas, N\u00e9stor Grindetti, lanz\u00f3 este jueves,\u00a0 su pre candidatura a la gobernaci\u00f3n bonaerense.<\/p>\n<p>En un acto que se realizo en la sede del Club Quintana, en Lan\u00fas Oeste, el titular del ejecutivo local asegur\u00f3 que: \u201cHay que terminar con la doctrina Baradel y evitar que el conurbano se convierta en un segundo Rosario\u201d<\/p>\n<p>Ante un escenario colmado de vecinos y militantes de Lan\u00fas y distintos puntos del conurbano, Grindetti lanz\u00f3 su pre candidatura provincial.<\/p>\n<p>\u201cEstoy dispuesto a pagar los costos pol\u00edticos de las transformaciones que hay que hacer en la provincia, no me va a temblar el pulso para hacer un cambio de ra\u00edz y profundo\u201d, expres\u00f3.<\/p>\n<p>El acto se realiz\u00f3 en el gimnasio de la sede deportiva y en todas las paredes\u00a0 se pudo observar pancartas y pasa calles con frases como: \u00abGrindetti &#8211; Kravetz, Pro Cap Central\u00bb; \u00abN\u00e9stor Grindetti &#8211; Leticia Bontempo, los pibes de N\u00e9stor; \u00abN\u00e9stor Grindetetti, conducci\u00f3n, Thelma Vivoni; \u00abDiego Kravetz, Hacemos Avellaneda\u00bb, entre otras numerosas pancartas y carteles que decoraban todo el espacio.<\/p>\n<p>Previo al acto, en un sal\u00f3n contiguo al gimnasio, la titular del PRO nacional, Patricia Bullrich y N\u00e9stor Grindtti ofrecieron una conferencia de prensa en la que expusieron diferentes lineamientos sobre los temas de seguridad y caracter\u00edsticas de una eventual llegada de la oposici\u00f3n a la gobernaci\u00f3n y a la Presidencia de la naci\u00f3n.<\/p>\n<p>\u201cEl cambio que inicio Mauricio (Macri) en el 2015 s\u00e9 que Patricia va a saber continuarlo y profundizarlo, con coraje y convicci\u00f3n enfrentando a las mafias y devolviendo el orden y la previsibilidad que le falta a este pa\u00eds\u201d, areng\u00f3 Grindetti ante m\u00e1s de 600 vecinos y militantes que se encontraban en el lugar.<\/p>\n<p>El gimnasio ten\u00eda ubicada 400 sillas con globos blancos,\u00a0 con un fondo amarillo se pod\u00eda leer la palabra PRO, se\u00f1al\u00e9tica que identifica a la agrupaci\u00f3n pol\u00edtica fundada por Mauricio Macri. El sal\u00f3n en pocos minutos qued\u00f3 colmado de vecinos y militantes.<\/p>\n<p>En el centro del sal\u00f3n se erigi\u00f3 una plataforma elevada que fue ocupada por los disertantes y, en las calles aleda\u00f1as a la entidad social, se pod\u00eda observar tambi\u00e9n la presencia de carteler\u00eda y un importante operativo de tr\u00e1nsito.<\/p>\n<p><strong>Pensar en la gente<\/strong><\/p>\n<p>En otro tramo del discurso, Grindetti pidi\u00f3 a los dirigentes de Juntos por el Cambio grandeza para afrontar las internas y pensar en la gente. \u201cEstamos en un momento de la pol\u00edtica argentina donde los dirigentes se miran el ombligo y se olvidan del verdadero prop\u00f3sito de esta vocaci\u00f3n que es servir a la gente, hay un divorcio de la gente con la pol\u00edtica por eso surgen expresiones antisistema que venden soluciones que son impracticables y peligrosas\u201d, analiz\u00f3.<\/p>\n<p>Sobre su vocaci\u00f3n de ser gobernador, Grindetti expres\u00f3: \u201cYo no quiero ser gobernador para despu\u00e9s pensar en la reelecci\u00f3n o ser presidente de la Naci\u00f3n, a mi edad, quiero involucrarme para trasformar de verdad la provincia, estoy dispuesto a pagar los costos pol\u00edticos de tomar decisiones, a veces antip\u00e1ticas pero necesarias para encarar un proceso de transformaciones profundas, no me va a temblar el pulso para hacer un cambio de ra\u00edz\u201d.<\/p>\n<div id=\"attachment_9805\" style=\"width: 310px\" class=\"wp-caption alignleft\"><img loading=\"lazy\" decoding=\"async\" aria-describedby=\"caption-attachment-9805\" class=\"wp-image-9805 size-medium\" src=\"https:\/\/www.visionweb.com.ar\/wp-content\/uploads\/2023\/03\/bullrich-y-grindetti-300x168.png\" alt=\"\" width=\"300\" height=\"168\" srcset=\"https:\/\/www.visionweb.com.ar\/wp-content\/uploads\/2023\/03\/bullrich-y-grindetti-300x168.png 300w, https:\/\/www.visionweb.com.ar\/wp-content\/uploads\/2023\/03\/bullrich-y-grindetti.png 640w\" sizes=\"auto, (max-width: 300px) 100vw, 300px\" \/><p id=\"caption-attachment-9805\" class=\"wp-caption-text\"><strong><em>La presidente del PRO, nacional, Patricia Bullritch, en el acto de lanzamiento de Grindetti a la gobernaci\u00f3n (Prensa PRO), <\/em> <\/strong><\/p><\/div>\n<p>\u201cHay que terminar con la doctrina Baradel en las escuelas de la provincia y evitar que el conurbano se convierta en un segundo Rosario, para eso se necesita compromiso y convicciones, seguro los de enfrente nos van a tirar piedras, como hicieron tantas veces, pero como dice siempre Mauricio: somos el cambio o no somos nada\u201d, lanz\u00f3 Grindetti.<\/p>\n<p>Por su parte, Patricia Bullrich fue categ\u00f3rica: \u201c N\u00e9stor es un gran candidato para la provincia de Buenos Aires por todo lo que hizo en Lanus\u201d<\/p>\n<p>Fueron de la partida, el diputado nacional, Hern\u00e1n Lombardi, el jefe de campa\u00f1a provincial de Patricia Bullrich, Sebasti\u00e1n Garc\u00eda De Luca, el diputado provincial, Adri\u00e1n Urreli, la senadora provincial, Aldana Ahumada, el jefe de gabinete local y precandidato a intendente de Lan\u00fas, Diego Kravetz, concejales, consejeros escolares y referentes territoriales, entre otros<strong>(VW)<\/strong>.<\/p>\n","protected":false},"excerpt":{"rendered":"<p>Con la compa\u00f1\u00eda de Patricia\u00a0 Bullrich y Diego Kravetz, el intednente de Lan\u00fas, formaliz\u00f3 su precandidatura a la gobernaci\u00f3n bonaerense.<\/p>\n","protected":false},"author":3,"featured_media":9804,"comment_status":"closed","ping_status":"closed","sticky":false,"template":"","format":"standard","meta":{"_monsterinsights_skip_tracking":false,"_monsterinsights_sitenote_active":false,"_monsterinsights_sitenote_note":"","_monsterinsights_sitenote_category":0,"footnotes":""},"categories":[4],"tags":[504,2820,18,4081,529],"class_list":["post-9797","post","type-post","status-publish","format-standard","has-post-thumbnail","hentry","category-politica","tag-bullrich","tag-gobernacion","tag-grindetti","tag-quinta","tag-seguridad"],"_links":{"self":[{"href":"https:\/\/www.visionweb.com.ar\/index.php?rest_route=\/wp\/v2\/posts\/9797","targetHints":{"allow":["GET"]}}],"collection":[{"href":"https:\/\/www.visionweb.com.ar\/index.php?rest_route=\/wp\/v2\/posts"}],"about":[{"href":"https:\/\/www.visionweb.com.ar\/index.php?rest_route=\/wp\/v2\/types\/post"}],"author":[{"embeddable":true,"href":"https:\/\/www.visionweb.com.ar\/index.php?rest_route=\/wp\/v2\/users\/3"}],"replies":[{"embeddable":true,"href":"https:\/\/www.visionweb.com.ar\/index.php?rest_route=%2Fwp%2Fv2%2Fcomments&post=9797"}],"version-history":[{"count":3,"href":"https:\/\/www.visionweb.com.ar\/index.php?rest_route=\/wp\/v2\/posts\/9797\/revisions"}],"predecessor-version":[{"id":9808,"href":"https:\/\/www.visionweb.com.ar\/index.php?rest_route=\/wp\/v2\/posts\/9797\/revisions\/9808"}],"wp:featuredmedia":[{"embeddable":true,"href":"https:\/\/www.visionweb.com.ar\/index.php?rest_route=\/wp\/v2\/media\/9804"}],"wp:attachment":[{"href":"https:\/\/www.visionweb.com.ar\/index.php?rest_route=%2Fwp%2Fv2%2Fmedia&parent=9797"}],"wp:term":[{"taxonomy":"category","embeddable":true,"href":"https:\/\/www.visionweb.com.ar\/index.php?rest_route=%2Fwp%2Fv2%2Fcategories&post=9797"},{"taxonomy":"post_tag","embeddable":true,"href":"https:\/\/www.visionweb.com.ar\/index.php?rest_route=%2Fwp%2Fv2%2Ftags&post=9797"}],"curies":[{"name":"wp","href":"https:\/\/api.w.org\/{rel}","templated":true}]}}