{"id":9793,"date":"2023-03-02T16:08:03","date_gmt":"2023-03-02T19:08:03","guid":{"rendered":"https:\/\/www.visionweb.com.ar\/?p=9793"},"modified":"2023-03-03T10:47:33","modified_gmt":"2023-03-03T13:47:33","slug":"grindetti-inauguro-las-sesiones-ordinarias-2023-del-consejo-deliberante","status":"publish","type":"post","link":"https:\/\/www.visionweb.com.ar\/?p=9793","title":{"rendered":"Grindetti inaugur\u00f3 las sesiones ordinarias 2023 del Concejo Deliberante"},"content":{"rendered":"<p><em><strong>En su presentaci\u00f3n, la \u00faltima que hizo como intendente de Lan\u00fas repas\u00f3\u00a0 los ocho a\u00f1os de gesti\u00f3n al frente del Municipio.<\/strong><\/em><!--more--><\/p>\n<div id=\"attachment_9794\" style=\"width: 310px\" class=\"wp-caption alignright\"><img loading=\"lazy\" decoding=\"async\" aria-describedby=\"caption-attachment-9794\" class=\"wp-image-9794 size-medium\" src=\"https:\/\/www.visionweb.com.ar\/wp-content\/uploads\/2023\/03\/CD-GRINDETTI-300x231.jpeg\" alt=\"\" width=\"300\" height=\"231\" srcset=\"https:\/\/www.visionweb.com.ar\/wp-content\/uploads\/2023\/03\/CD-GRINDETTI-300x231.jpeg 300w, https:\/\/www.visionweb.com.ar\/wp-content\/uploads\/2023\/03\/CD-GRINDETTI.jpeg 624w\" sizes=\"auto, (max-width: 300px) 100vw, 300px\" \/><p id=\"caption-attachment-9794\" class=\"wp-caption-text\"><em><strong>Grindetti abre por \u00faltima vez las sesiones ordinarias del Concejo Deliberante (Foto: Prensa Lanus) <\/strong><\/em><\/p><\/div>\n<p><strong>E<\/strong>l intendente de Lan\u00fas, Nestor Grindetti pronunci\u00f3 esta ma\u00f1ana,\u00a0 su \u00faltimo discurso de inicio de sesiones ordinarias en el comienzo de un nuevo a\u00f1o legislativo local.<\/p>\n<p>En su presentaci\u00f3n repaso sus ocho a\u00f1os de gobierno en n\u00fameros, gui\u00f1os a su proyecto provincial y cr\u00edtic\u00f3 a los gobiernos nacional y provincial por la inseguridad y la falta de rumbo econ\u00f3mico.<\/p>\n<p>Con un emotivo discurso de 35 minutos, Grindetti dio inicio al a\u00f1o legislativo en Lan\u00fas frente a un Concejo Deliberante colmado de dirigentes y vecinos.<\/p>\n<p>\u00abTengo la tranquilidad y la satisfacci\u00f3n de caminar por la calle con la frente alta, mirar a los vecinos a los ojos y decirles que vamos a terminar nuestra gesti\u00f3n habiendo cambiado la realidad de nuestro municipio. Me dec\u00edan que estaba loco cuando le mostraba a los vecinos las propuestas concretas de lo que pod\u00edamos hacer juntos, y despu\u00e9s de 8 a\u00f1os puedo decir que m\u00e1s del 90% de esas promesas est\u00e1n cumplidas\u00bb, expres\u00f3 Grindetti en el inicio de su discurso frente a los concejales.<\/p>\n<p>El jefe comunal hizo referencia a la dram\u00e1tica situaci\u00f3n de inseguridad que se vive en el conurbano bonaerense y reiter\u00f3 su pedido para que la Policia local dependa de los municipios.<\/p>\n<p>El jefe comunal, volvi\u00f3 a insistir con el traspaso de la polic\u00eda a manos de los municipios y se\u00f1al\u00f3: \u201cNecesitamos que la polic\u00eda local dependa de los intendentes, que se descentralice en los municipios la seguridad, la provincia ya demostr\u00f3 que no puede resolver el problema, llega tarde a la resoluci\u00f3n de los conflictos. La centralizaci\u00f3n en La Plata solo entorpece la obtenci\u00f3n de resultados, me comprometo a trabajar en ese sentido\u201d, indic\u00f3.<\/p>\n<p>\u201cHay que aumentar las penas para aquellos que delinquen contra adultos mayores, adem\u00e1s de trabajar en la prevenci\u00f3n tenemos que exigirle a la justicia penas ejemplificadoras y m\u00e1s duras, nuestro equipo de seguridad present\u00f3 un proyecto de ley en el congreso nacional y esto trasciende a nuestro espacio pol\u00edtico, ac\u00e1 no hay grieta, se trata de cuidar a nuestros abuelos, les pedimos la colaboraci\u00f3n a todos para hacer fuerza y que sea ley\u201d, exigi\u00f3 Grindetti en relaci\u00f3n al proyecto de ley presentado en el congreso por el equipo de Seguridad de Lan\u00fas a cargo de Diego Kravetz.<\/p>\n<p>En otro pasaje de su discurso, el titular del Ejecutivo local, puso el acento en la\u00a0 educaci\u00f3n y las distintas acciones que llev\u00f3 a cabo el municipio en esa materia.<\/p>\n<p>\u201cLa pol\u00edtica que considero central para lograr un desarrollo humano sostenido es la Educaci\u00f3n. Un Lan\u00fas pr\u00f3spero necesita de un municipio involucrado en la capacitaci\u00f3n y el cuidado de nuestros ni\u00f1os y adolescentes. Los \u00faltimos 8 a\u00f1os han sido fundamentales para poder empezar a consolidar \u00e9se camino en el marco de nuestro programa Lan\u00fas Construye Futuro\u201d, analiz\u00f3.<\/p>\n<p>Para finalizar, el intendente Grindetti agradeci\u00f3 a su equipo de gobierno por los ocho a\u00f1os de gesti\u00f3n, a los trabajadores municipales y a los concejales presentes y se refiri\u00f3 a su futuro pol\u00edtico.<\/p>\n<p>\u201cNo tengo la certeza del lugar que voy a ocupar en el futuro, muchos saben que deseo llevar esta experiencia de mi vida p\u00fablica, ocho a\u00f1os como ministro en la ciudad y estos ocho a\u00f1os como intendente, sumado a los 25 a\u00f1os que me desarroll\u00e9 en el sector privado, a la provincia de Buenos Aires\u201d, finaliz\u00f3 Grindetti.<\/p>\n<p>Fueron de la partida, el vicepresidente de la c\u00e1mara de diputados bonaerense, Adri\u00e1n Urreli, el jefe de Gabinete local, Diego Kravetz, la directora del Instituto de formaci\u00f3n pol\u00edtica del Gob. De la ciudad, Karina Spalla, los funcionarios del ejecutivo municipal, concejales, consejeros escolares y representantes de las fuerzas vivas del distrito<strong>(VW)<\/strong>.<\/p>\n","protected":false},"excerpt":{"rendered":"<p>En su presentaci\u00f3n, la \u00faltima que hizo como intendente de Lan\u00fas repas\u00f3\u00a0 los ocho a\u00f1os de gesti\u00f3n al frente del Municipio.<\/p>\n","protected":false},"author":3,"featured_media":9794,"comment_status":"closed","ping_status":"closed","sticky":false,"template":"","format":"standard","meta":{"_monsterinsights_skip_tracking":false,"_monsterinsights_sitenote_active":false,"_monsterinsights_sitenote_note":"","_monsterinsights_sitenote_category":0,"footnotes":""},"categories":[4],"tags":[4078,18,1870,486],"class_list":["post-9793","post","type-post","status-publish","format-standard","has-post-thumbnail","hentry","category-politica","tag-consejo-deliberante","tag-grindetti","tag-inauguracion","tag-ordinarias"],"_links":{"self":[{"href":"https:\/\/www.visionweb.com.ar\/index.php?rest_route=\/wp\/v2\/posts\/9793","targetHints":{"allow":["GET"]}}],"collection":[{"href":"https:\/\/www.visionweb.com.ar\/index.php?rest_route=\/wp\/v2\/posts"}],"about":[{"href":"https:\/\/www.visionweb.com.ar\/index.php?rest_route=\/wp\/v2\/types\/post"}],"author":[{"embeddable":true,"href":"https:\/\/www.visionweb.com.ar\/index.php?rest_route=\/wp\/v2\/users\/3"}],"replies":[{"embeddable":true,"href":"https:\/\/www.visionweb.com.ar\/index.php?rest_route=%2Fwp%2Fv2%2Fcomments&post=9793"}],"version-history":[{"count":3,"href":"https:\/\/www.visionweb.com.ar\/index.php?rest_route=\/wp\/v2\/posts\/9793\/revisions"}],"predecessor-version":[{"id":9803,"href":"https:\/\/www.visionweb.com.ar\/index.php?rest_route=\/wp\/v2\/posts\/9793\/revisions\/9803"}],"wp:featuredmedia":[{"embeddable":true,"href":"https:\/\/www.visionweb.com.ar\/index.php?rest_route=\/wp\/v2\/media\/9794"}],"wp:attachment":[{"href":"https:\/\/www.visionweb.com.ar\/index.php?rest_route=%2Fwp%2Fv2%2Fmedia&parent=9793"}],"wp:term":[{"taxonomy":"category","embeddable":true,"href":"https:\/\/www.visionweb.com.ar\/index.php?rest_route=%2Fwp%2Fv2%2Fcategories&post=9793"},{"taxonomy":"post_tag","embeddable":true,"href":"https:\/\/www.visionweb.com.ar\/index.php?rest_route=%2Fwp%2Fv2%2Ftags&post=9793"}],"curies":[{"name":"wp","href":"https:\/\/api.w.org\/{rel}","templated":true}]}}