{"id":9782,"date":"2023-03-02T10:28:42","date_gmt":"2023-03-02T13:28:42","guid":{"rendered":"https:\/\/www.visionweb.com.ar\/?p=9782"},"modified":"2023-03-02T10:28:42","modified_gmt":"2023-03-02T13:28:42","slug":"el-senado-bonaerense-definio-sus-autoridades-durante-la-sesion-preparatoria","status":"publish","type":"post","link":"https:\/\/www.visionweb.com.ar\/?p=9782","title":{"rendered":"El Senado bonaerense defini\u00f3 sus autoridades durante la sesi\u00f3n preparatoria"},"content":{"rendered":"<p><em><strong>El Cuerpo que conduce Ver\u00f3nica Magario ratific\u00f3 los cargos de las autoridades de la C\u00e1mara y defini\u00f3 los d\u00edas y horas de las sesiones, en v\u00edsperas de la Asamblea Legislativa que tendr\u00e1 lugar ma\u00f1ana.<\/strong><\/em><!--more--><\/p>\n<div id=\"attachment_9783\" style=\"width: 310px\" class=\"wp-caption alignright\"><img loading=\"lazy\" decoding=\"async\" aria-describedby=\"caption-attachment-9783\" class=\"wp-image-9783 size-medium\" src=\"https:\/\/www.visionweb.com.ar\/wp-content\/uploads\/2023\/03\/AUTORIDADES-SENADO-BONAERENSE-300x200.png\" alt=\"\" width=\"300\" height=\"200\" srcset=\"https:\/\/www.visionweb.com.ar\/wp-content\/uploads\/2023\/03\/AUTORIDADES-SENADO-BONAERENSE-300x200.png 300w, https:\/\/www.visionweb.com.ar\/wp-content\/uploads\/2023\/03\/AUTORIDADES-SENADO-BONAERENSE.png 640w\" sizes=\"auto, (max-width: 300px) 100vw, 300px\" \/><p id=\"caption-attachment-9783\" class=\"wp-caption-text\"><strong><em>El Senado bonaerense ratific\u00f3 a sus autoridades y fijo la nueva agenda de sesiones (Prensa Senado)<\/em> <\/strong><\/p><\/div>\n<p><strong>E<\/strong>l Senado de la provincia de Buenos Aires, renov\u00f3 sus autoridades y design\u00f3 en la Vicepresidencia primera continuar\u00e1 en manos de Luis Vivona, senador del Frente de Todos por la Primera Secci\u00f3n Electoral, hombre cercano al ministro de Infraestructura, Leonardo Nardini, y una de las figuras de peso del municipio de Malvinas Argentinas.<\/p>\n<p>Como todos los a\u00f1os, se llev\u00f3 a cabo la sesi\u00f3n preparatoria para fijar las nuevas autoridades del Senado bonaerense y establecer la fecha y hora de las sesiones ordinarias correspondientes al 151\u00b0 per\u00edodo legislativo.<\/p>\n<p>En esta misma l\u00ednea, se confirm\u00f3 que el exintendente Alfredo Fisher (FdT) y la senadora de Juntos Claudia Rucci estar\u00e1n en la quinta y sexta vicepresidencia.<\/p>\n<p>Por otro lado, se establecieron los lineamientos en los cuales se trabajar\u00e1 en la C\u00e1mara de Senadores durante el cent\u00e9simo quincuag\u00e9simo primer periodo legislativo.<\/p>\n<p>Las sesiones que se desarrollar\u00e1n durante el nuevo per\u00edodo legislativo se fijaron para los d\u00edas martes, mi\u00e9rcoles y jueves a las 14 horas.<\/p>\n<p>Durante el encuentro, la senadora Mar\u00eda Teresa Garc\u00eda propuso rectificar las designaciones de las vicepresidentas y de los vicepresidentes vigentes hasta el momento. La moci\u00f3n fue puesta en consideraci\u00f3n del cuerpo legislativo, y aprobada por unanimidad <strong>(VW).<\/strong><\/p>\n<p>&nbsp;<\/p>\n","protected":false},"excerpt":{"rendered":"<p>El Cuerpo que conduce Ver\u00f3nica Magario ratific\u00f3 los cargos de las autoridades de la C\u00e1mara y defini\u00f3 los d\u00edas y horas de las sesiones, en v\u00edsperas de la Asamblea Legislativa que tendr\u00e1 lugar ma\u00f1ana.<\/p>\n","protected":false},"author":3,"featured_media":9783,"comment_status":"closed","ping_status":"closed","sticky":false,"template":"","format":"standard","meta":{"_monsterinsights_skip_tracking":false,"_monsterinsights_sitenote_active":false,"_monsterinsights_sitenote_note":"","_monsterinsights_sitenote_category":0,"footnotes":""},"categories":[4],"tags":[491,468,470],"class_list":["post-9782","post","type-post","status-publish","format-standard","has-post-thumbnail","hentry","category-politica","tag-autoridades","tag-senado","tag-sesiones"],"_links":{"self":[{"href":"https:\/\/www.visionweb.com.ar\/index.php?rest_route=\/wp\/v2\/posts\/9782","targetHints":{"allow":["GET"]}}],"collection":[{"href":"https:\/\/www.visionweb.com.ar\/index.php?rest_route=\/wp\/v2\/posts"}],"about":[{"href":"https:\/\/www.visionweb.com.ar\/index.php?rest_route=\/wp\/v2\/types\/post"}],"author":[{"embeddable":true,"href":"https:\/\/www.visionweb.com.ar\/index.php?rest_route=\/wp\/v2\/users\/3"}],"replies":[{"embeddable":true,"href":"https:\/\/www.visionweb.com.ar\/index.php?rest_route=%2Fwp%2Fv2%2Fcomments&post=9782"}],"version-history":[{"count":1,"href":"https:\/\/www.visionweb.com.ar\/index.php?rest_route=\/wp\/v2\/posts\/9782\/revisions"}],"predecessor-version":[{"id":9784,"href":"https:\/\/www.visionweb.com.ar\/index.php?rest_route=\/wp\/v2\/posts\/9782\/revisions\/9784"}],"wp:featuredmedia":[{"embeddable":true,"href":"https:\/\/www.visionweb.com.ar\/index.php?rest_route=\/wp\/v2\/media\/9783"}],"wp:attachment":[{"href":"https:\/\/www.visionweb.com.ar\/index.php?rest_route=%2Fwp%2Fv2%2Fmedia&parent=9782"}],"wp:term":[{"taxonomy":"category","embeddable":true,"href":"https:\/\/www.visionweb.com.ar\/index.php?rest_route=%2Fwp%2Fv2%2Fcategories&post=9782"},{"taxonomy":"post_tag","embeddable":true,"href":"https:\/\/www.visionweb.com.ar\/index.php?rest_route=%2Fwp%2Fv2%2Ftags&post=9782"}],"curies":[{"name":"wp","href":"https:\/\/api.w.org\/{rel}","templated":true}]}}