{"id":9779,"date":"2023-03-02T09:53:17","date_gmt":"2023-03-02T12:53:17","guid":{"rendered":"https:\/\/www.visionweb.com.ar\/?p=9779"},"modified":"2023-03-02T09:53:17","modified_gmt":"2023-03-02T12:53:17","slug":"kichillof-suspendio-el-acto-de-apertura-de-sesiones-ordinarias","status":"publish","type":"post","link":"https:\/\/www.visionweb.com.ar\/?p=9779","title":{"rendered":"Kichillof suspendi\u00f3 el acto de apertura de sesiones ordinarias"},"content":{"rendered":"<p><strong><em>Desde la gobernaci\u00f3n aseguraron que la decisi\u00f3n se tomo por el apag\u00f3n de la v\u00edspera. Aun no se conoce la pr\u00f3xima fecha del acto.<\/em><\/strong><!--more--><\/p>\n<div id=\"attachment_9780\" style=\"width: 310px\" class=\"wp-caption alignright\"><img loading=\"lazy\" decoding=\"async\" aria-describedby=\"caption-attachment-9780\" class=\"wp-image-9780 size-medium\" src=\"https:\/\/www.visionweb.com.ar\/wp-content\/uploads\/2023\/03\/GABINETE-BONAERENSE-300x199.png\" alt=\"\" width=\"300\" height=\"199\" srcset=\"https:\/\/www.visionweb.com.ar\/wp-content\/uploads\/2023\/03\/GABINETE-BONAERENSE-300x199.png 300w, https:\/\/www.visionweb.com.ar\/wp-content\/uploads\/2023\/03\/GABINETE-BONAERENSE.png 640w\" sizes=\"auto, (max-width: 300px) 100vw, 300px\" \/><p id=\"caption-attachment-9780\" class=\"wp-caption-text\">En la v\u00edspera, el Gabinete bonaerense, encabezado por el Gobernador Kicillof, sigui\u00f3 de cerca el impacto del apag\u00f3n(Prensa Gobernaci\u00f3n)<\/p><\/div>\n<p><strong>E<\/strong>l gobernador bonaerense Axel Kicillof debi\u00f3 postergar el acto que ten\u00eda preparado en la Legislatura para la apertura de sesiones ordinarias, a\u00fan sin fecha definida,\u00a0por el apag\u00f3n masivo que afect\u00f3 a gran parte del territorio argentino, informaron desde la gobernaci\u00f3n.<\/p>\n<p>M\u00e1s temprano, el presidente Alberto Fern\u00e1ndez brind\u00f3 un discurso en el Congreso con cr\u00edticas a la Justicia.<\/p>\n<p>\u201cAnte la emergencia generada por el extendido corte de luz, se ha resuelto posponer la apertura de las sesiones legislativas que iba a realizarse en el d\u00eda de la fecha\u00bb, consign\u00f3 un comunicado oficial.<\/p>\n<p>Frente al incidente que afect\u00f3 al 40% del pa\u00eds, el Gabinete provincial se reuni\u00f3 en la Gobernaci\u00f3n para monitorear las condiciones en la Provincia y atender las situaciones que pueden generarse por el inconveniente. Cada uno de los ministros de las \u00e1reas involucradas, as\u00ed como los intendentes de cada distrito de la Provincia, se abocar\u00e1n a atender la contingencia, el comunicado.<\/p>\n<p>Seg\u00fan indicaron fuentes de la Gobernaci\u00f3n ma\u00f1ana se tomar\u00e1 la decisi\u00f3n de cu\u00e1ndo se realizar\u00e1 finalmente la apertura de sesiones.<\/p>\n<p>\u201cEstuvimos con el Gobernador, varios ministros, con el jefe de gabinete reunidos aqu\u00ed; con la presidenta de la C\u00e1mara de Diputados, de la C\u00e1mara deSenadores, con los jefes de distintos bloques, y se ha definido posponer este mensaje para otra fecha\u201d, dijo el jefe de Asesores de Kicillof, Carlos Bianco ante la prensa<\/p>\n<p>\u201cVeremos ma\u00f1ana c\u00f3mo siguen la circunstancias, si vuelve la energ\u00eda el\u00e9ctrica en todos los barrios en todos los distritos de la provincia de Buenos Aires y una vez que hayamos monitoreado que hayamos revisado la situaci\u00f3n, obviamente en conjunto con los bloques de la oposici\u00f3n se va a definir una nueva fecha\u201d, agreg\u00f3 el funcionario.<\/p>\n<p>Y resalt\u00f3 que \u201cindependientemente del mensaje que iba a dar el Gobernador en la Asamblea las sesiones ordinarias est\u00e1n abiertas, o sea que eso no afecta el trabajo normal de ninguna de las dos c\u00e1maras\u201d<\/p>\n<p>Kicillof ten\u00eda preparado un repaso de la gesti\u00f3n, que inclu\u00eda casi dos a\u00f1os de pandemia. El objetivo de Kicillof era mostrar lo que en su gobierno se considera como logros y que son la base para imponer en el texto la marca de gesti\u00f3n: \u201cDerecho al Futuro\u201d. Desde ah\u00ed, sin ser expl\u00edcito en jerga electoral, el gobernador espera expresar su entusiasmado con \u201cseguir transformando la provincia\u201d, en el marco de su plan de gesti\u00f3n 6\u00d76, lo que en la pr\u00e1ctica es una alusi\u00f3n a su intenci\u00f3n de presentarse como candidato a la reelecci\u00f3n<strong>(VW)<\/strong>.<\/p>\n<p>&nbsp;<\/p>\n","protected":false},"excerpt":{"rendered":"<p>Desde la gobernaci\u00f3n aseguraron que la decisi\u00f3n se tomo por el apag\u00f3n de la v\u00edspera. Aun no se conoce la pr\u00f3xima fecha del acto.<\/p>\n","protected":false},"author":3,"featured_media":9780,"comment_status":"closed","ping_status":"closed","sticky":false,"template":"","format":"standard","meta":{"_monsterinsights_skip_tracking":false,"_monsterinsights_sitenote_active":false,"_monsterinsights_sitenote_note":"","_monsterinsights_sitenote_category":0,"footnotes":""},"categories":[1822],"tags":[3327,205,167],"class_list":["post-9779","post","type-post","status-publish","format-standard","has-post-thumbnail","hentry","category-internacionales","tag-apagon","tag-gabinete","tag-kicillof"],"_links":{"self":[{"href":"https:\/\/www.visionweb.com.ar\/index.php?rest_route=\/wp\/v2\/posts\/9779","targetHints":{"allow":["GET"]}}],"collection":[{"href":"https:\/\/www.visionweb.com.ar\/index.php?rest_route=\/wp\/v2\/posts"}],"about":[{"href":"https:\/\/www.visionweb.com.ar\/index.php?rest_route=\/wp\/v2\/types\/post"}],"author":[{"embeddable":true,"href":"https:\/\/www.visionweb.com.ar\/index.php?rest_route=\/wp\/v2\/users\/3"}],"replies":[{"embeddable":true,"href":"https:\/\/www.visionweb.com.ar\/index.php?rest_route=%2Fwp%2Fv2%2Fcomments&post=9779"}],"version-history":[{"count":1,"href":"https:\/\/www.visionweb.com.ar\/index.php?rest_route=\/wp\/v2\/posts\/9779\/revisions"}],"predecessor-version":[{"id":9781,"href":"https:\/\/www.visionweb.com.ar\/index.php?rest_route=\/wp\/v2\/posts\/9779\/revisions\/9781"}],"wp:featuredmedia":[{"embeddable":true,"href":"https:\/\/www.visionweb.com.ar\/index.php?rest_route=\/wp\/v2\/media\/9780"}],"wp:attachment":[{"href":"https:\/\/www.visionweb.com.ar\/index.php?rest_route=%2Fwp%2Fv2%2Fmedia&parent=9779"}],"wp:term":[{"taxonomy":"category","embeddable":true,"href":"https:\/\/www.visionweb.com.ar\/index.php?rest_route=%2Fwp%2Fv2%2Fcategories&post=9779"},{"taxonomy":"post_tag","embeddable":true,"href":"https:\/\/www.visionweb.com.ar\/index.php?rest_route=%2Fwp%2Fv2%2Ftags&post=9779"}],"curies":[{"name":"wp","href":"https:\/\/api.w.org\/{rel}","templated":true}]}}