{"id":9774,"date":"2023-03-02T09:36:47","date_gmt":"2023-03-02T12:36:47","guid":{"rendered":"https:\/\/www.visionweb.com.ar\/?p=9774"},"modified":"2023-03-02T09:38:02","modified_gmt":"2023-03-02T12:38:02","slug":"apagoon-volvio-a-funcionar-atucha","status":"publish","type":"post","link":"https:\/\/www.visionweb.com.ar\/?p=9774","title":{"rendered":"Apago\u00f3n: Volvi\u00f3 a funcionar Atucha"},"content":{"rendered":"<p><em><strong>El Ministro Massa asegura que tiene la \u00abcerteza\u00bb que el incendio fue itebncional. Afect\u00f3 a 20 millones de usuarios. Ocurri\u00f3 por un incendio de pastizales bajo una l\u00ednea de alta tensi\u00f3n en General Rodr\u00edguez.<\/strong><\/em> <!--more--><\/p>\n<div id=\"attachment_9775\" style=\"width: 310px\" class=\"wp-caption alignright\"><img loading=\"lazy\" decoding=\"async\" aria-describedby=\"caption-attachment-9775\" class=\"wp-image-9775 size-medium\" src=\"https:\/\/www.visionweb.com.ar\/wp-content\/uploads\/2023\/03\/incendio-300x225.png\" alt=\"\" width=\"300\" height=\"225\" srcset=\"https:\/\/www.visionweb.com.ar\/wp-content\/uploads\/2023\/03\/incendio-300x225.png 300w, https:\/\/www.visionweb.com.ar\/wp-content\/uploads\/2023\/03\/incendio-320x240.png 320w, https:\/\/www.visionweb.com.ar\/wp-content\/uploads\/2023\/03\/incendio.png 640w\" sizes=\"auto, (max-width: 300px) 100vw, 300px\" \/><p id=\"caption-attachment-9775\" class=\"wp-caption-text\"><strong><em>La imagen corresponde al incendi\u00f3 que se produjo en la v\u00edspera y sac\u00f3 de servicio a Atucha 1 (Redes sociales) <\/em><\/strong><\/p><\/div>\n<p><strong>G<\/strong>ran parte del \u00e1rea metropolitana de Buenos Aires (AMBA) y varias provincias del pa\u00eds se quedaron sin luz hoy por la tarde, debido a un incendio ocurrido en unos pastizales que afectaron tres l\u00edneas de transmisi\u00f3n de alta tensi\u00f3n en la zona del Litoral, minutos antes de las 16.<\/p>\n<p>El incidente, a su vez, sac\u00f3 de servicio (\u201ddesenganch\u00f3\u201d) a la central nuclear Atucha I, seg\u00fan confirmaron fuentes oficiales, que descompens\u00f3 el sistema argentino de interconexi\u00f3n (SADI).<\/p>\n<p>Alrededor del 40% de la demanda el\u00e9ctrica total del pa\u00eds qued\u00f3 sin luz, lo que equivale a m\u00e1s de 6 millones de hogares o a 20 millones de personas, consignaron desde la cartera de Energ\u00eda.<\/p>\n<p><strong><em>Sobre las 19:30 la Central nuclear hab\u00eda vuelto a funcionar y la energ\u00eda retornaba paulatinamente al pa\u00eds, aunque el sistema segu\u00eda inestable. Al mismo tiempo, el ministro de Econom\u00eda, Sergio Massa, present\u00f3 una denuncia penal para que se estudie el origen del fuego.<\/em><\/strong><\/p>\n<p>\u201cAnte el desbalance de oferta de energ\u00eda, el sistema responde en forma inmediata, provocando la desconexi\u00f3n de la generaci\u00f3n para su propia protecci\u00f3n. Como consecuencia de esta interrupci\u00f3n, se encuentra afectadas las provincias de Santa Fe, C\u00f3rdoba, Mendoza, San Juan y el sur del noroeste argentino\u201d, explicaron desde la Secretar\u00eda de Energ\u00eda.<\/p>\n<p>El incendio se produjo en la l\u00ednea de 500 MW que une la ciudad bonaerense de General Rodr\u00edguez con Campana.<\/p>\n<p>Apenas ocurrido el incidente la p\u00e1gina de Cammesa, la compa\u00f1\u00eda que administra el mercado el\u00e9ctrico nacional, mostraba una abrupta ca\u00edda de la oferta de energ\u00eda a las 16, cuando el term\u00f3metro marcaba los 35\u00b0C. En ese momento, la demanda el\u00e9ctrica del sistema equival\u00eda a 26.570 MW.<\/p>\n<p>En menos de media hora,<em><strong> se cayeron 10.000 MW de potencia, de 26.508 MW a 15.025 MW,<\/strong> <\/em>que es la demanda el\u00e9ctrica que suele haber en la madrugada, a las 3 de la ma\u00f1ana. Una ca\u00edda de energ\u00eda de estas caracter\u00edsticas no ocurr\u00eda desde el apag\u00f3n masivo del D\u00eda del Padre de 2019.<\/p>\n<p>Luego de verificado el origen del problema, cerca de las 19:30, el ministerio de Econom\u00eda inform\u00f3 que realiz\u00f3 una denuncia penal para que se investigue el incidente.<\/p>\n<p>La presentaci\u00f3n fue firmada por el propio Massa y dirigida al juez federal de Campana Adri\u00e1n Gonz\u00e1lez Charvay.\u00a0 Pide \u201cinvestigar, perseguir y en su caso detener a los responsables de los grav\u00edsimos hechos ocurridos durante el d\u00eda de la fecha y que podr\u00edan encuadrar en el delito de INCENDIOS Y ESTRAGOS (Art. 186 del C\u00f3digo Penal)\u201d<\/p>\n<p>En un pasaje de la denuncia Massa habla de la \u201ccerteza que me invade sobre la intencionalidad de los acontecimientos\u201d, es decir que plantea un caso de sabotaje.<\/p>\n<p>\u201cSe registraron varias fallas en el sistema interconectado. Como causa de lo anterior, salieron distintas centrales de generaci\u00f3n, entre ellas Atucha I. Hay una falla de frecuencia que expulsa a una parte de la generaci\u00f3n. Este centro de generaci\u00f3n que es Atucha sali\u00f3, como se dice en esta jerga del sistema. C\u00f3mo sali\u00f3 Atucha, tambi\u00e9n sali\u00f3 Central Puerto\u201d, explicaron, a nivel t\u00e9cnico, desde la Secretar\u00eda de Energ\u00eda, en referencia a otras generadoras el\u00e9ctricas privadas.<\/p>\n<p>Respecto del restablecimiento del servicio. A las 18.20, el Gobierno inform\u00f3 que se pudo reponer 400 MW de energ\u00eda y se logr\u00f3 la recuperaci\u00f3n parcial en la provincia de C\u00f3rdoba. En Mendoza, que tuvo todo su territorio sin energ\u00eda, la recuperaci\u00f3n era m\u00e1s lenta<strong>(VW)<\/strong>.<\/p>\n","protected":false},"excerpt":{"rendered":"<p>El Ministro Massa asegura que tiene la \u00abcerteza\u00bb que el incendio fue itebncional. Afect\u00f3 a 20 millones de usuarios. Ocurri\u00f3 por un incendio de pastizales bajo una l\u00ednea de alta tensi\u00f3n en General Rodr\u00edguez.<\/p>\n","protected":false},"author":3,"featured_media":9775,"comment_status":"closed","ping_status":"closed","sticky":false,"template":"","format":"standard","meta":{"_monsterinsights_skip_tracking":false,"_monsterinsights_sitenote_active":false,"_monsterinsights_sitenote_note":"","_monsterinsights_sitenote_category":0,"footnotes":""},"categories":[8],"tags":[3327,4072,195,536],"class_list":["post-9774","post","type-post","status-publish","format-standard","has-post-thumbnail","hentry","category-interes-general","tag-apagon","tag-atucha-i","tag-energia","tag-incendios"],"_links":{"self":[{"href":"https:\/\/www.visionweb.com.ar\/index.php?rest_route=\/wp\/v2\/posts\/9774","targetHints":{"allow":["GET"]}}],"collection":[{"href":"https:\/\/www.visionweb.com.ar\/index.php?rest_route=\/wp\/v2\/posts"}],"about":[{"href":"https:\/\/www.visionweb.com.ar\/index.php?rest_route=\/wp\/v2\/types\/post"}],"author":[{"embeddable":true,"href":"https:\/\/www.visionweb.com.ar\/index.php?rest_route=\/wp\/v2\/users\/3"}],"replies":[{"embeddable":true,"href":"https:\/\/www.visionweb.com.ar\/index.php?rest_route=%2Fwp%2Fv2%2Fcomments&post=9774"}],"version-history":[{"count":3,"href":"https:\/\/www.visionweb.com.ar\/index.php?rest_route=\/wp\/v2\/posts\/9774\/revisions"}],"predecessor-version":[{"id":9778,"href":"https:\/\/www.visionweb.com.ar\/index.php?rest_route=\/wp\/v2\/posts\/9774\/revisions\/9778"}],"wp:featuredmedia":[{"embeddable":true,"href":"https:\/\/www.visionweb.com.ar\/index.php?rest_route=\/wp\/v2\/media\/9775"}],"wp:attachment":[{"href":"https:\/\/www.visionweb.com.ar\/index.php?rest_route=%2Fwp%2Fv2%2Fmedia&parent=9774"}],"wp:term":[{"taxonomy":"category","embeddable":true,"href":"https:\/\/www.visionweb.com.ar\/index.php?rest_route=%2Fwp%2Fv2%2Fcategories&post=9774"},{"taxonomy":"post_tag","embeddable":true,"href":"https:\/\/www.visionweb.com.ar\/index.php?rest_route=%2Fwp%2Fv2%2Ftags&post=9774"}],"curies":[{"name":"wp","href":"https:\/\/api.w.org\/{rel}","templated":true}]}}