{"id":9771,"date":"2023-03-01T08:27:35","date_gmt":"2023-03-01T11:27:35","guid":{"rendered":"https:\/\/www.visionweb.com.ar\/?p=9771"},"modified":"2023-03-01T08:27:35","modified_gmt":"2023-03-01T11:27:35","slug":"precios-justos-entran-al-programa-7-productos-de-verduleria-por-este-mes","status":"publish","type":"post","link":"https:\/\/www.visionweb.com.ar\/?p=9771","title":{"rendered":"Precios Justos: Entran al programa 7 productos de verduler\u00eda por este mes"},"content":{"rendered":"<p><strong><em>Frutas y Verduras en los supermercados: \u201cEl sector mostr\u00f3 una alt\u00edsima volatilidad\u201d, dijo Tombolini. <\/em><\/strong><!--more--><\/p>\n<p><strong><img loading=\"lazy\" decoding=\"async\" class=\"size-medium wp-image-9137 alignright\" src=\"https:\/\/www.visionweb.com.ar\/wp-content\/uploads\/2023\/01\/frutas-y-verduras-300x170.jpg\" alt=\"\" width=\"300\" height=\"170\" srcset=\"https:\/\/www.visionweb.com.ar\/wp-content\/uploads\/2023\/01\/frutas-y-verduras-300x170.jpg 300w, https:\/\/www.visionweb.com.ar\/wp-content\/uploads\/2023\/01\/frutas-y-verduras.bmp 504w\" sizes=\"auto, (max-width: 300px) 100vw, 300px\" \/>\u00a0\u00a0 E<\/strong>l secretario de Comercio,\u00a0<strong>Mat\u00edas Tombolini<\/strong>, anunci\u00f3 ayer por la tarde la implementaci\u00f3n de una\u00a0<strong>canasta de frutas y verduras<\/strong><strong>\u00a0<\/strong>de estaci\u00f3n en el marco del programa Precios Justos, que estar\u00e1 vigente desde este 1ro. de marzo y tendr\u00e1 vigencia hasta fin de mes en la regi\u00f3n del AMBA.<\/p>\n<p>Este acuerdo \u201ces muy importante porque el sector mostr\u00f3 una alt\u00edsima volatilidad (\u2026) y permite\u00a0<strong>moderar estos aumentos<\/strong>\u201c, adem\u00e1s de otorgar \u201corden y previsibilidad en la mesa de los argentinos\u201d, afirm\u00f3 Tombolini en un contacto de prensa.<\/p>\n<p>Seg\u00fan informaron fuentes oficiales, la intenci\u00f3n es dar continuidad a la canasta en los meses siguientes.<\/p>\n<p><strong>Los precios por kilo:<\/strong><\/p>\n<p>Papa negra\u00a0<strong>$189<\/strong><\/p>\n<p>Tomate redondo\u00a0<strong>$299<\/strong><\/p>\n<p>Lechuga\u00a0<strong>$569<\/strong><\/p>\n<p>Manzana royal gala\u00a0<strong>$399<\/strong><\/p>\n<p>Cebolla\u00a0<strong>$189<\/strong><\/p>\n<p>Banana ecuatoriana<strong>\u00a0<\/strong><strong>$470<\/strong><\/p>\n<p>Banana subtropical<strong>\u00a0<\/strong><strong>$360<\/strong><\/p>\n<p>Por otra parte, conf\u00edan en que los precios fijados en esos productos sirvan tambi\u00e9n de <strong>referencia para las verduler\u00edas de barrio, aunque algunos all\u00ed ya se presentan m\u00e1s bajos<\/strong>.\u00a0<strong>(VW)<\/strong><\/p>\n<p>&nbsp;<\/p>\n","protected":false},"excerpt":{"rendered":"<p>Frutas y Verduras en los supermercados: \u201cEl sector mostr\u00f3 una alt\u00edsima volatilidad\u201d, dijo Tombolini.<\/p>\n","protected":false},"author":4,"featured_media":9137,"comment_status":"closed","ping_status":"closed","sticky":false,"template":"","format":"standard","meta":{"_monsterinsights_skip_tracking":false,"_monsterinsights_sitenote_active":false,"_monsterinsights_sitenote_note":"","_monsterinsights_sitenote_category":0,"footnotes":""},"categories":[6],"tags":[4070,3203,4071,4069],"class_list":["post-9771","post","type-post","status-publish","format-standard","has-post-thumbnail","hentry","category-economia","tag-7-productos-marzo","tag-precios-justos","tag-tombollini","tag-verduras-y-frutas"],"_links":{"self":[{"href":"https:\/\/www.visionweb.com.ar\/index.php?rest_route=\/wp\/v2\/posts\/9771","targetHints":{"allow":["GET"]}}],"collection":[{"href":"https:\/\/www.visionweb.com.ar\/index.php?rest_route=\/wp\/v2\/posts"}],"about":[{"href":"https:\/\/www.visionweb.com.ar\/index.php?rest_route=\/wp\/v2\/types\/post"}],"author":[{"embeddable":true,"href":"https:\/\/www.visionweb.com.ar\/index.php?rest_route=\/wp\/v2\/users\/4"}],"replies":[{"embeddable":true,"href":"https:\/\/www.visionweb.com.ar\/index.php?rest_route=%2Fwp%2Fv2%2Fcomments&post=9771"}],"version-history":[{"count":2,"href":"https:\/\/www.visionweb.com.ar\/index.php?rest_route=\/wp\/v2\/posts\/9771\/revisions"}],"predecessor-version":[{"id":9773,"href":"https:\/\/www.visionweb.com.ar\/index.php?rest_route=\/wp\/v2\/posts\/9771\/revisions\/9773"}],"wp:featuredmedia":[{"embeddable":true,"href":"https:\/\/www.visionweb.com.ar\/index.php?rest_route=\/wp\/v2\/media\/9137"}],"wp:attachment":[{"href":"https:\/\/www.visionweb.com.ar\/index.php?rest_route=%2Fwp%2Fv2%2Fmedia&parent=9771"}],"wp:term":[{"taxonomy":"category","embeddable":true,"href":"https:\/\/www.visionweb.com.ar\/index.php?rest_route=%2Fwp%2Fv2%2Fcategories&post=9771"},{"taxonomy":"post_tag","embeddable":true,"href":"https:\/\/www.visionweb.com.ar\/index.php?rest_route=%2Fwp%2Fv2%2Ftags&post=9771"}],"curies":[{"name":"wp","href":"https:\/\/api.w.org\/{rel}","templated":true}]}}