{"id":9763,"date":"2023-03-01T07:41:16","date_gmt":"2023-03-01T10:41:16","guid":{"rendered":"https:\/\/www.visionweb.com.ar\/?p=9763"},"modified":"2023-03-01T07:43:42","modified_gmt":"2023-03-01T10:43:42","slug":"carnes-desde-hoy-rige-el-reintegro-del-10","status":"publish","type":"post","link":"https:\/\/www.visionweb.com.ar\/?p=9763","title":{"rendered":"Carnes: Desde hoy rige el reintegro del 10%"},"content":{"rendered":"<p><strong><em>Es para las compras de cortes vacunos que se realicen en carnicer\u00edas con tarjetas de d\u00e9bito. Los comercios que se incorporen al programa tendr\u00e1 beneficios.<\/em><\/strong><!--more--><\/p>\n<p><strong><img loading=\"lazy\" decoding=\"async\" class=\"size-medium wp-image-9607 alignright\" src=\"https:\/\/www.visionweb.com.ar\/wp-content\/uploads\/2023\/02\/carnes-300x189.jpg\" alt=\"\" width=\"300\" height=\"189\" srcset=\"https:\/\/www.visionweb.com.ar\/wp-content\/uploads\/2023\/02\/carnes-300x189.jpg 300w, https:\/\/www.visionweb.com.ar\/wp-content\/uploads\/2023\/02\/carnes.bmp 592w\" sizes=\"auto, (max-width: 300px) 100vw, 300px\" \/>D<\/strong>esde este mi\u00e9rcoles 1 de marzo rige el programa de reintegros del 10% para las compras con tarjetas de d\u00e9bito en todas las carnicer\u00edas que adhieran al sistema, beneficio para los consumidores que regir\u00e1 hasta diciembre de 2023.<\/p>\n<p>Las carnicer\u00edas que se incorporen al programa tendr\u00e1n un diferimiento de 90 d\u00edas en el pago de las obligaciones impositivas, pero deber\u00e1n registrarse para participar del programa.<\/p>\n<p>La medida fue reglamentada por la AFIP (Administraci\u00f3n Federal de Ingresos P\u00fablicos) con lapublicaci\u00f3n\u00a0 de la Resoluci\u00f3n\u00a0 \u00a05330\/2023, que contempla un reintegro total de hasta $2.000 por mes.<\/p>\n<p>El alcance de la medida rige tambi\u00e9n para todas las compras que se hagan mediante el sistema QR, utilizado con los tel\u00e9fonos celulares que tenga esa aplicaci\u00f3n, asociada a una cuenta bancaria.<\/p>\n<p><strong>Las entidades financieras deber\u00e1n acreditar la suma en las cuentas de los consumidores<\/strong>\u00a0finales\u00a0<strong>a los cuatro d\u00edas de concretada la operaci\u00f3n.<\/strong><\/p>\n<p>Los comercios que revistan la categor\u00eda de responsable inscripto o sean monotributistas con hasta tres empleados declarados<strong>\u00a0ser\u00e1n incorporados de manera autom\u00e1tica al r\u00e9gimen de reintegro<\/strong>, precis\u00f3 la AFIP, inform\u00f3 el diario Clar\u00edn.<\/p>\n<p>En tanto, el resto de los contribuyentes deber\u00e1 inscribirse a trav\u00e9s del Sistema Registral del sitio web del organismo, de acuerdo con la normativa.<\/p>\n<p>Los consumidores, por su parte, podr\u00e1n acceder al listado de comercios inscriptos en el sitio web de la AFIP, as\u00ed como el de las entidades financieras y fintech que se incorporen al r\u00e9gimen de reintegros.<\/p>\n<p>Esta iniciativa oficial se suma a \u201cPrecios justos carne, que comenz\u00f3 a regir desde el 17 de febrero y tendr\u00e1 vigencia hasta el 31 de marzo<strong>\u00a0con rebajas del 30% para siete cortes<\/strong>\u00a0en grandes cadenas de supermercado<\/p>\n","protected":false},"excerpt":{"rendered":"<p>Es para las compras de cortes vacunos que se realicen en carnicer\u00edas con tarjetas de d\u00e9bito. Los comercios que se incorporen al programa tendr\u00e1 beneficios.<\/p>\n","protected":false},"author":3,"featured_media":9607,"comment_status":"closed","ping_status":"closed","sticky":false,"template":"","format":"standard","meta":{"_monsterinsights_skip_tracking":false,"_monsterinsights_sitenote_active":false,"_monsterinsights_sitenote_note":"","_monsterinsights_sitenote_category":0,"footnotes":""},"categories":[6,8],"tags":[881,1762,4067],"class_list":["post-9763","post","type-post","status-publish","format-standard","has-post-thumbnail","hentry","category-economia","category-interes-general","tag-afip","tag-carnicerias","tag-reintegros"],"_links":{"self":[{"href":"https:\/\/www.visionweb.com.ar\/index.php?rest_route=\/wp\/v2\/posts\/9763","targetHints":{"allow":["GET"]}}],"collection":[{"href":"https:\/\/www.visionweb.com.ar\/index.php?rest_route=\/wp\/v2\/posts"}],"about":[{"href":"https:\/\/www.visionweb.com.ar\/index.php?rest_route=\/wp\/v2\/types\/post"}],"author":[{"embeddable":true,"href":"https:\/\/www.visionweb.com.ar\/index.php?rest_route=\/wp\/v2\/users\/3"}],"replies":[{"embeddable":true,"href":"https:\/\/www.visionweb.com.ar\/index.php?rest_route=%2Fwp%2Fv2%2Fcomments&post=9763"}],"version-history":[{"count":2,"href":"https:\/\/www.visionweb.com.ar\/index.php?rest_route=\/wp\/v2\/posts\/9763\/revisions"}],"predecessor-version":[{"id":9765,"href":"https:\/\/www.visionweb.com.ar\/index.php?rest_route=\/wp\/v2\/posts\/9763\/revisions\/9765"}],"wp:featuredmedia":[{"embeddable":true,"href":"https:\/\/www.visionweb.com.ar\/index.php?rest_route=\/wp\/v2\/media\/9607"}],"wp:attachment":[{"href":"https:\/\/www.visionweb.com.ar\/index.php?rest_route=%2Fwp%2Fv2%2Fmedia&parent=9763"}],"wp:term":[{"taxonomy":"category","embeddable":true,"href":"https:\/\/www.visionweb.com.ar\/index.php?rest_route=%2Fwp%2Fv2%2Fcategories&post=9763"},{"taxonomy":"post_tag","embeddable":true,"href":"https:\/\/www.visionweb.com.ar\/index.php?rest_route=%2Fwp%2Fv2%2Ftags&post=9763"}],"curies":[{"name":"wp","href":"https:\/\/api.w.org\/{rel}","templated":true}]}}