{"id":9761,"date":"2023-03-01T07:05:22","date_gmt":"2023-03-01T10:05:22","guid":{"rendered":"https:\/\/www.visionweb.com.ar\/?p=9761"},"modified":"2023-02-28T19:35:04","modified_gmt":"2023-02-28T22:35:04","slug":"moratoria-previsional-diputados-aprobo-la-ley","status":"publish","type":"post","link":"https:\/\/www.visionweb.com.ar\/?p=9761","title":{"rendered":"Moratoria previsional: Diputados aprob\u00f3 la Ley"},"content":{"rendered":"<p><strong><em>Ser\u00e1n 800.000 las personas en edad de jubilarse que se beneficiar\u00e1n con la nueva norma legal. El beneficio alcanzar\u00e1 a quienes tienen la edad para jubilarse pero no pueden hacerlo por la falta de aportes.<\/em><\/strong>\u00a0 <!--more--><\/p>\n<p><strong><img loading=\"lazy\" decoding=\"async\" class=\"size-medium wp-image-7911 alignright\" src=\"https:\/\/www.visionweb.com.ar\/wp-content\/uploads\/2022\/10\/DIPUTADOS-PRESUPUESTO-300x200.png\" alt=\"\" width=\"300\" height=\"200\" srcset=\"https:\/\/www.visionweb.com.ar\/wp-content\/uploads\/2022\/10\/DIPUTADOS-PRESUPUESTO-300x200.png 300w, https:\/\/www.visionweb.com.ar\/wp-content\/uploads\/2022\/10\/DIPUTADOS-PRESUPUESTO.png 640w\" sizes=\"auto, (max-width: 300px) 100vw, 300px\" \/>U<\/strong>nas 800.000 personas se podr\u00e1n jubilar a partir de la sanci\u00f3n de la nueva ley de moratoria previsional, aprobada este martes por los diputados en el congreso.<\/p>\n<p>El proyecto de ley que ya ven\u00eda con media sanci\u00f3n del Senado de la Naci\u00f3n, fue aprobado por 134 votos a favor y 107 en contra, permitir\u00e1 resolver , una vez publicado el Decreto Reglamentario en el Bolet\u00edn Oficial, la situaci\u00f3n de unas 800.000 personas que est\u00e9n en edad de jubilarse y no tengan los paortes suficientes para hacerlo.<\/p>\n<p>La normativa establece que las personas en edad jubilatoria, pero sin los aportes exigidos podr\u00e1n regularizar per\u00edodos faltantes hasta el mes de diciembre de 2008 inclusive, con una modalidad de pago en cuotas que ser\u00e1n descontadas de manera directa del haber jubilatorio que se obtenga a trav\u00e9s del programa.<\/p>\n<p>Entre otros puntos, la normativa,\u00a0contempla la posibilidad de que las\u00a0personas en edad pre-jubilatoria\u00a0(mujeres de 50 a 59 a\u00f1os y varones de 55 a 64 a\u00f1os) que saben que no llegar\u00e1n con los a\u00f1os de aportes necesarios, puedan anticiparse y comenzar a pagar ellos mismos los per\u00edodos faltantes.<\/p>\n<p>Cada mes,\u00a0los trabajadores en edad de jubilaci\u00f3n que no cuentes con los aportes necesarios tendr\u00e1n que pagar una cuota de la moratoria para poder comenzar a cobrar su prestaci\u00f3n.<\/p>\n<p>Cada mes,\u00a0los trabajadores en edad de jubilaci\u00f3n que no cuentes con los aportes necesarios tendr\u00e1n que pagar una cuota de la moratoria para poder comenzar a cobrar su prestaci\u00f3n.<\/p>\n<p><strong>Voces en contra<\/strong><\/p>\n<p>La oposici\u00f3n, que rechaz\u00f3 el proyecto y emiti\u00f3 los votos en contra, fundament\u00f3 su postura en el alto costo fiscal y por cierta \u201cinequidad\u201d con quienes hicieron los 30 a\u00f1os de aportes previsonales.<\/p>\n<p>adem\u00e1s cuestion\u00f3 al Gobierno por no llevar adelante una reforma laboral que permita incorporar m\u00e1s trabajadores al sector formal para as\u00ed robustecer el sistema.<\/p>\n<p>Adem\u00e1s cuestion\u00f3 al Gobierno por no llevar adelante una reforma laboral que permita incorporar m\u00e1s trabajadores al sector formal para as\u00ed robustecer el sistema <strong>(VW)<\/strong>.<\/p>\n<p>&nbsp;<\/p>\n","protected":false},"excerpt":{"rendered":"<p>Ser\u00e1n 800.000 las personas en edad de jubilarse que se beneficiar\u00e1n con la nueva norma legal. El beneficio alcanzar\u00e1 a quienes tienen la edad para jubilarse pero no pueden hacerlo por la falta de&#46;&#46;&#46;<\/p>\n","protected":false},"author":3,"featured_media":7911,"comment_status":"closed","ping_status":"closed","sticky":false,"template":"","format":"standard","meta":{"_monsterinsights_skip_tracking":false,"_monsterinsights_sitenote_active":false,"_monsterinsights_sitenote_note":"","_monsterinsights_sitenote_category":0,"footnotes":""},"categories":[4,5],"tags":[],"class_list":["post-9761","post","type-post","status-publish","format-standard","has-post-thumbnail","hentry","category-politica","category-sociedad"],"_links":{"self":[{"href":"https:\/\/www.visionweb.com.ar\/index.php?rest_route=\/wp\/v2\/posts\/9761","targetHints":{"allow":["GET"]}}],"collection":[{"href":"https:\/\/www.visionweb.com.ar\/index.php?rest_route=\/wp\/v2\/posts"}],"about":[{"href":"https:\/\/www.visionweb.com.ar\/index.php?rest_route=\/wp\/v2\/types\/post"}],"author":[{"embeddable":true,"href":"https:\/\/www.visionweb.com.ar\/index.php?rest_route=\/wp\/v2\/users\/3"}],"replies":[{"embeddable":true,"href":"https:\/\/www.visionweb.com.ar\/index.php?rest_route=%2Fwp%2Fv2%2Fcomments&post=9761"}],"version-history":[{"count":1,"href":"https:\/\/www.visionweb.com.ar\/index.php?rest_route=\/wp\/v2\/posts\/9761\/revisions"}],"predecessor-version":[{"id":9762,"href":"https:\/\/www.visionweb.com.ar\/index.php?rest_route=\/wp\/v2\/posts\/9761\/revisions\/9762"}],"wp:featuredmedia":[{"embeddable":true,"href":"https:\/\/www.visionweb.com.ar\/index.php?rest_route=\/wp\/v2\/media\/7911"}],"wp:attachment":[{"href":"https:\/\/www.visionweb.com.ar\/index.php?rest_route=%2Fwp%2Fv2%2Fmedia&parent=9761"}],"wp:term":[{"taxonomy":"category","embeddable":true,"href":"https:\/\/www.visionweb.com.ar\/index.php?rest_route=%2Fwp%2Fv2%2Fcategories&post=9761"},{"taxonomy":"post_tag","embeddable":true,"href":"https:\/\/www.visionweb.com.ar\/index.php?rest_route=%2Fwp%2Fv2%2Ftags&post=9761"}],"curies":[{"name":"wp","href":"https:\/\/api.w.org\/{rel}","templated":true}]}}