{"id":9755,"date":"2023-02-28T17:51:25","date_gmt":"2023-02-28T20:51:25","guid":{"rendered":"https:\/\/www.visionweb.com.ar\/?p=9755"},"modified":"2023-02-28T17:51:25","modified_gmt":"2023-02-28T20:51:25","slug":"federacion-agraria-declaro-el-estado-de-alerta-y-movilizacion","status":"publish","type":"post","link":"https:\/\/www.visionweb.com.ar\/?p=9755","title":{"rendered":"Federaci\u00f3n Agraria: Declar\u00f3 el estado de alerta y movilizaci\u00f3n"},"content":{"rendered":"<p><strong><em>El anuncio fue hecho por el presidente de la entidad Federada, Carlos Achetoni, en la asamblea de Arroyo Seco, Santa Fe. Estuvieron el presidente de CRA, Jorge Chemes; de la Soceidad Rural, Nicol\u00e1s Pino y de Coninagro, Elbio Laucirica.<\/em><\/strong> <!--more--><\/p>\n<div id=\"attachment_9759\" style=\"width: 310px\" class=\"wp-caption alignright\"><img loading=\"lazy\" decoding=\"async\" aria-describedby=\"caption-attachment-9759\" class=\"wp-image-9759 size-medium\" src=\"https:\/\/www.visionweb.com.ar\/wp-content\/uploads\/2023\/02\/ASAMBLEA-300x161.png\" alt=\"\" width=\"300\" height=\"161\" srcset=\"https:\/\/www.visionweb.com.ar\/wp-content\/uploads\/2023\/02\/ASAMBLEA-300x161.png 300w, https:\/\/www.visionweb.com.ar\/wp-content\/uploads\/2023\/02\/ASAMBLEA.png 640w\" sizes=\"auto, (max-width: 300px) 100vw, 300px\" \/><p id=\"caption-attachment-9759\" class=\"wp-caption-text\"><em><strong>Los presidentes que forman parte de la Mesa de Enlace agropecuario tambi\u00e9n fueron de la partida (Foto: Gentileza Prensa Federaci\u00f3n Agraria) <\/strong><\/em><\/p><\/div>\n<p><strong>C<\/strong>on la declaraci\u00f3n del\u00a0 \u00abestado de Alerta y Movilizaci\u00f3n\u00bb, por parte de la Federaci\u00f3n Agraria Argentina (FAA), concluy\u00f3 este mediod\u00eda la Asamblea organizada por la entidad federada en el cruce la ruta provincial 90 y Autopista Buenos Aires Rosario, Santa Fe.<\/p>\n<p>Las protestas apuntan a poner el foco en la falta de repuesta por parte del gobierno, a una serie de reclamos que van desde la eliminaci\u00f3n de las retenciones a las exportaciones agroindustriales, hasta la unificaci\u00f3n del dolar, entre otros reclamos.<\/p>\n<p>Con la realizaci\u00f3n de la Asamblea se realiz\u00f3 Bajo la consigna \u201cArtos de cosechar anuncios, los productores necesitamos soluciones\u201d, se dio el punta pie inicial a una serie de asambleas que las organizaciones del campo organizaran a lo largo y lo ancho del pa\u00eds.<\/p>\n<p>Al encuentro asistieron tambi\u00e9n los integrantes de la Mesa de Enlace, representada por Confederaciones Rurales Argentinas (CRA), Sociedad Rural Argentina (SRA) y Coninagro.<\/p>\n<p>Desde temprano y aun costado de un acoplado que se arm\u00f3 como escenario, rodeado por pancartas\u00a0 y banderas de la Federaci\u00f3n Agraria Argentina, Nicol\u00e1s Pino (SRA), Jorge Chemes (CRA), Elbio Laucirica (Coninagro) y Carlos Achetoni, el anfitri\u00f3n escucharon los reclamos de los representes de las entidades de base.<\/p>\n<p>Varios cientos de productores, que superaban el medio millar (seg\u00fan los organizapores) , en representaci\u00f3n de diferentes organizaciones gremiales de segundo grado, permanecieron en el lugar desde las ocho de la ma\u00f1ana.<\/p>\n<p>La jornada se desarroll\u00f3 en medio del campo bajo un sol que por momentos hac\u00eda imposible soportar los m\u00e1s de 40 grados de temperatura, que sub\u00eda a media que se acercaba el medio d\u00eda.<\/p>\n<p>A los largo de la jornada fueron muchas las voces que expresaron su preocupaci\u00f3n por la situaci\u00f3n de la actividad agropecuaria, atravesada por una sequ\u00eda que lleva casi cuatro campa\u00f1as, con efectos catastr\u00f3ficos en particular \u201cpara los peque\u00f1os productores\u201d, se\u00f1alo Carlos Achetoni, presidente de la FAA y anfitri\u00f3n de la reuni\u00f3n.<\/p>\n<p>Durante la ma\u00f1ana fueron muchas las cr\u00edticas que se escucharon hacia la pol\u00edtica de estado aplicada para el campo, desde el Gobierno, pero tampoco faltaron los cuestionamientos a la Mesa de Enlace, a la que pidieron m\u00e1s acci\u00f3n frente a la situaci\u00f3n de la actividad agropecuaria.<\/p>\n<p>Entre las organizaciones presentes estaban los productores auto convocados y entidades de base que hicieron uso de la palabra y hablaron en duros t\u00e9rminos contra los presidentes nacionales, presentes en el escenario.<\/p>\n<p>Desde temprano y aun costado de un acoplado que se arm\u00f3 como escenario, rodeado por pancartas\u00a0 y banderas de la Federaci\u00f3n Agraria Argentina, Nicol\u00e1s Pino (SRA), Jorge Chemes (CRA), Elbio Laucirica (Coninagro) y Carlos Achetoni, el anfitri\u00f3n escucharon los reclamos de los representes de las entidades de base.<\/p>\n<p>Varios cientos de productores, que superaban el medio millar (seg\u00fan los organizapores) , en representaci\u00f3n de diferentes organizaciones gremiales de segundo grado, permanecieron en el lugar desde las ocho de la ma\u00f1ana.<\/p>\n<p>La jornada se desarroll\u00f3 en medio del campo bajo un sol que por momentos hac\u00eda imposible soportar los m\u00e1s de 40 grados de temperatura, que sub\u00eda a media que se acercaba el medio d\u00eda.<\/p>\n<p>A los largo de la jornada fueron muchas las voces que expresaron su preocupaci\u00f3n por la situaci\u00f3n de la actividad agropecuaria, atravesada por una sequ\u00eda que lleva casi cuatro campa\u00f1as, con efectos catastr\u00f3ficos en particular \u201cpara los peque\u00f1os productores\u201d, se\u00f1alo Carlos Achetoni, presidente de la FAA y anfitri\u00f3n de la reuni\u00f3n.<\/p>\n<p>Durante la ma\u00f1ana fueron muchas las cr\u00edticas que se escucharon hacia la pol\u00edtica de estado aplicada para el campo, desde el Gobierno, pero tampoco faltaron los cuestionamientos a la Mesa de Enlace, a la que pidieron m\u00e1s acci\u00f3n frente a la situaci\u00f3n de la actividad agropecuaria.<\/p>\n<p>Entre las organizaciones presentes estaban los productores auto convocados y entidades de base que hicieron uso de la palabra y hablaron en duros t\u00e9rminos contra los presidentes nacionales, presentes en el escenario.<\/p>\n<p>\u201cEstemos en unidad, carajo! El enemigo est\u00e1 en otro lado. Se divierten con nosotros en la pol\u00edtica. Y no s\u00f3lo los del gobierno, del lado opositor tambi\u00e9n. Por eso les digo pongamos fecha y plazos para que empiecen a cumplir\u00bb, con estas palabras, Achetoni, cerr\u00f3 la Asamblea.<\/p>\n<p>El dirigente federado carg\u00f3 tambi\u00e9n contra la pol\u00edtica tributaria reclam\u00f3 la suspensi\u00f3n de los impuestos\u00a0 hasta tanto se dignen a declarar la emergencia en todos los lugares afectados y ah\u00ed sean eximidos del pago, as\u00ed tiene que ser\u00bb remat\u00f3 Achetoni.,<\/p>\n<p>Pidi\u00f3 asimismo \u00abun financiamiento como corresponde, que nos devuelvan algo porque en estos 20 a\u00f1os son 153 mil millones de d\u00f3lares sumando todos los a\u00f1os y son 200 mil millones de d\u00f3lares con impuestos los que hemos aportado como sector. \u00a1Claro que nos asiste la raz\u00f3n! Junt\u00e9monos, dennos la fuerza necesaria para seguir luchando\u201d.<\/p>\n<p>Por \u00faltimo el titular de la entidad advirti\u00f3: \u00abA los dirigentes y a los legisladores presentes y tambi\u00e9n a los que nos est\u00e9n mirando por la tele, los vamos a ir a visitar, porque esta Argentina con un campo que representa el 70% de los aportes les va a ir a pedir que generemos las pol\u00edticas p\u00fablicas que necesitamos para salir de la tremenda crisis que estamos atravesando\u00bb<strong>(VW)<\/strong><\/p>\n<p>&nbsp;<\/p>\n<p>&nbsp;<\/p>\n","protected":false},"excerpt":{"rendered":"<p>El anuncio fue hecho por el presidente de la entidad Federada, Carlos Achetoni, en la asamblea de Arroyo Seco, Santa Fe. Estuvieron el presidente de CRA, Jorge Chemes; de la Soceidad Rural, Nicol\u00e1s Pino&#46;&#46;&#46;<\/p>\n","protected":false},"author":3,"featured_media":9759,"comment_status":"closed","ping_status":"closed","sticky":false,"template":"","format":"standard","meta":{"_monsterinsights_skip_tracking":false,"_monsterinsights_sitenote_active":false,"_monsterinsights_sitenote_note":"","_monsterinsights_sitenote_category":0,"footnotes":""},"categories":[1],"tags":[],"class_list":["post-9755","post","type-post","status-publish","format-standard","has-post-thumbnail","hentry","category-uncategorized"],"_links":{"self":[{"href":"https:\/\/www.visionweb.com.ar\/index.php?rest_route=\/wp\/v2\/posts\/9755","targetHints":{"allow":["GET"]}}],"collection":[{"href":"https:\/\/www.visionweb.com.ar\/index.php?rest_route=\/wp\/v2\/posts"}],"about":[{"href":"https:\/\/www.visionweb.com.ar\/index.php?rest_route=\/wp\/v2\/types\/post"}],"author":[{"embeddable":true,"href":"https:\/\/www.visionweb.com.ar\/index.php?rest_route=\/wp\/v2\/users\/3"}],"replies":[{"embeddable":true,"href":"https:\/\/www.visionweb.com.ar\/index.php?rest_route=%2Fwp%2Fv2%2Fcomments&post=9755"}],"version-history":[{"count":1,"href":"https:\/\/www.visionweb.com.ar\/index.php?rest_route=\/wp\/v2\/posts\/9755\/revisions"}],"predecessor-version":[{"id":9760,"href":"https:\/\/www.visionweb.com.ar\/index.php?rest_route=\/wp\/v2\/posts\/9755\/revisions\/9760"}],"wp:featuredmedia":[{"embeddable":true,"href":"https:\/\/www.visionweb.com.ar\/index.php?rest_route=\/wp\/v2\/media\/9759"}],"wp:attachment":[{"href":"https:\/\/www.visionweb.com.ar\/index.php?rest_route=%2Fwp%2Fv2%2Fmedia&parent=9755"}],"wp:term":[{"taxonomy":"category","embeddable":true,"href":"https:\/\/www.visionweb.com.ar\/index.php?rest_route=%2Fwp%2Fv2%2Fcategories&post=9755"},{"taxonomy":"post_tag","embeddable":true,"href":"https:\/\/www.visionweb.com.ar\/index.php?rest_route=%2Fwp%2Fv2%2Ftags&post=9755"}],"curies":[{"name":"wp","href":"https:\/\/api.w.org\/{rel}","templated":true}]}}