{"id":9753,"date":"2023-02-28T17:26:02","date_gmt":"2023-02-28T20:26:02","guid":{"rendered":"https:\/\/www.visionweb.com.ar\/?p=9753"},"modified":"2023-02-28T17:26:02","modified_gmt":"2023-02-28T20:26:02","slug":"lanus-comenzo-la-campana-municipal-sobre-prevencion-y-concientizacion-contra-el-cancer-de-mama","status":"publish","type":"post","link":"https:\/\/www.visionweb.com.ar\/?p=9753","title":{"rendered":"Lan\u00fas: Comenz\u00f3 la campa\u00f1a municipal sobre Prevenci\u00f3n y Concientizaci\u00f3n contra el C\u00e1ncer de Mama"},"content":{"rendered":"<p><strong><em>Como parte del programa, este a\u00f1o se suma un novedoso dispositivo de control mamario que beneficiar\u00e1 a casi 80.000 mujeres de Lan\u00fas.<\/em><\/strong><!--more--><\/p>\n<p><strong><img loading=\"lazy\" decoding=\"async\" class=\"size-medium wp-image-9756 alignright\" src=\"https:\/\/www.visionweb.com.ar\/wp-content\/uploads\/2023\/02\/lanus-campana-cancer-300x178.jpg\" alt=\"\" width=\"300\" height=\"178\" srcset=\"https:\/\/www.visionweb.com.ar\/wp-content\/uploads\/2023\/02\/lanus-campana-cancer-300x178.jpg 300w, https:\/\/www.visionweb.com.ar\/wp-content\/uploads\/2023\/02\/lanus-campana-cancer.jpg 403w\" sizes=\"auto, (max-width: 300px) 100vw, 300px\" \/>\u00a0\u00a0\u00a0\u00a0 E<\/strong>l intendente N\u00e9stor Grindetti, junto al jefe de Gabinete local, Diego Kravetz y el secretario de Salud, Gustavo Sieli, participaron de la <strong>presentaci\u00f3n de la nueva Campa\u00f1a de Prevenci\u00f3n y Concientizaci\u00f3n contra el C\u00e1ncer de Mama<\/strong>.<\/p>\n<p>En esa l\u00ednea, la Secretar\u00eda de Salud del Municipio suma una nueva tecnolog\u00eda que busca incentivar la promoci\u00f3n de la salud para una detecci\u00f3n precoz del c\u00e1ncer de mama y el diagn\u00f3stico oportuno. Esta herramienta se llama \u201c<strong>Dispositivo complementario de estudio mamario<\/strong>\u201d, conforme indic\u00f3 Prensa de Lan\u00fas.<\/p>\n<p>Se trata de <strong>dispositivos autoadhesivos<\/strong> que complementan el estudio de la salud de las mamas de una manera r\u00e1pida, accesible y sin dolor. Es una herramienta m\u00e1s, que <strong>se incorpora a los m\u00e9todos tradicionales como la mamograf\u00eda y ecograf\u00eda mamaria<\/strong>.<\/p>\n<p>Utiliza m\u00e1s de 1000 microsensores capaces de detectar diferencias en la temperatura de la superficie de las mamas. Al medir esas diferencias, <strong>contribuye a la detecci\u00f3n de enfermedades mamarias potenciales, incluyendo c\u00e1ncer de mama<\/strong>.<\/p>\n<div id=\"attachment_9757\" style=\"width: 310px\" class=\"wp-caption alignleft\"><img loading=\"lazy\" decoding=\"async\" aria-describedby=\"caption-attachment-9757\" class=\"wp-image-9757 size-medium\" src=\"https:\/\/www.visionweb.com.ar\/wp-content\/uploads\/2023\/02\/lanus-campana-cancer-mama-300x201.jpg\" alt=\"\" width=\"300\" height=\"201\" srcset=\"https:\/\/www.visionweb.com.ar\/wp-content\/uploads\/2023\/02\/lanus-campana-cancer-mama-300x201.jpg 300w, https:\/\/www.visionweb.com.ar\/wp-content\/uploads\/2023\/02\/lanus-campana-cancer-mama.jpg 384w\" sizes=\"auto, (max-width: 300px) 100vw, 300px\" \/><p id=\"caption-attachment-9757\" class=\"wp-caption-text\">Fotos Prensa de Lan\u00fas<\/p><\/div>\n<p>\u201cEsto <strong>es nueva<\/strong> <strong>tecnolog\u00eda. Somos el primer municipio que lo aplica<\/strong> y va a ser de mucha ayuda para las mujeres que puedan participar y para nuestro equipo de trabajo, al cual le estoy muy agradecido por todo el trabajo que hicieron. <strong>Tratamos de darle la mejor atenci\u00f3n a los vecinos\u201d, afirm\u00f3 N\u00e9stor Grindetti<\/strong>, en la presentaci\u00f3n del programa, que se realiz\u00f3 en Medicina Preventiva ubicada en Sitio de Montevideo 1872, Lan\u00fas Este.<\/p>\n<p>Estos dispositivos descartables miden la diferencia de temperatura de los senos. Seg\u00fan datos de la compa\u00f1\u00eda, cuando se desarrolla el c\u00e1ncer de mama se forman nuevos vasos sangu\u00edneos para apoyar el crecimiento del tumor. Ese proceso se conoce como \u201cAngiog\u00e9nesis\u201d y genera un aumento del metabolismo celular que causa que el \u00e1rea emita m\u00e1s calor de lo normal.<\/p>\n<p>Los dispositivos cuentan con m\u00e1s de 1.100 sensores que miden la temperatura en tres ubicaciones clave en cada mama, para que un profesional de la salud pueda identificar la actividad celular anormal.<\/p>\n<p>En cuanto al trabajo del \u00e1rea de Salud, Kravetz destac\u00f3 que: \u201cVa a ser un trabajo integral para la mujer con las distintas \u00e1reas de la Municipalidad. En salud, tenemos distintas instancias, tareas de prevenci\u00f3n y acompa\u00f1amiento para la vida de las mujeres. Con esto tratamos de hacer una <strong>detecci\u00f3n temprana del c\u00e1ncer de mama<\/strong>\u201d.<\/p>\n<p>Con respecto a su funcionalidad, el profesional del centro de salud retira la capa protectora del dispositivo, el cual es parecido a un parche. Luego, se aplican firmemente los dispositivos sobre las mamas, asegurando que no queden pliegues o arrugas. La paciente se coloca el corpi\u00f1o (ideal que sea uno sin aro y que cubra en su mayor\u00eda los pechos, como uno deportivo).<\/p>\n<p>Al finalizar, luego de 15 minutos en la sala de espera del lugar, el profesional retira el dispositivo para luego comunicar los resultados y los pasos a seguir.<\/p>\n<p>Participaron del evento personal del \u00e1rea de salud, a los cuales se les dar\u00e1 la correcta capacitaci\u00f3n para llevar a cabo este proceso. <strong>(VW)<\/strong><\/p>\n<p>&nbsp;<\/p>\n<p>&nbsp;<\/p>\n","protected":false},"excerpt":{"rendered":"<p>Como parte del programa, este a\u00f1o se suma un novedoso dispositivo de control mamario que beneficiar\u00e1 a casi 80.000 mujeres de Lan\u00fas.<\/p>\n","protected":false},"author":4,"featured_media":9757,"comment_status":"closed","ping_status":"closed","sticky":false,"template":"","format":"standard","meta":{"_monsterinsights_skip_tracking":false,"_monsterinsights_sitenote_active":false,"_monsterinsights_sitenote_note":"","_monsterinsights_sitenote_category":0,"footnotes":""},"categories":[8],"tags":[4066,18,241,19,102],"class_list":["post-9753","post","type-post","status-publish","format-standard","has-post-thumbnail","hentry","category-interes-general","tag-campana-de-prevencion-cancer-de-mama","tag-grindetti","tag-kravetz","tag-lanus","tag-sieli"],"_links":{"self":[{"href":"https:\/\/www.visionweb.com.ar\/index.php?rest_route=\/wp\/v2\/posts\/9753","targetHints":{"allow":["GET"]}}],"collection":[{"href":"https:\/\/www.visionweb.com.ar\/index.php?rest_route=\/wp\/v2\/posts"}],"about":[{"href":"https:\/\/www.visionweb.com.ar\/index.php?rest_route=\/wp\/v2\/types\/post"}],"author":[{"embeddable":true,"href":"https:\/\/www.visionweb.com.ar\/index.php?rest_route=\/wp\/v2\/users\/4"}],"replies":[{"embeddable":true,"href":"https:\/\/www.visionweb.com.ar\/index.php?rest_route=%2Fwp%2Fv2%2Fcomments&post=9753"}],"version-history":[{"count":2,"href":"https:\/\/www.visionweb.com.ar\/index.php?rest_route=\/wp\/v2\/posts\/9753\/revisions"}],"predecessor-version":[{"id":9758,"href":"https:\/\/www.visionweb.com.ar\/index.php?rest_route=\/wp\/v2\/posts\/9753\/revisions\/9758"}],"wp:featuredmedia":[{"embeddable":true,"href":"https:\/\/www.visionweb.com.ar\/index.php?rest_route=\/wp\/v2\/media\/9757"}],"wp:attachment":[{"href":"https:\/\/www.visionweb.com.ar\/index.php?rest_route=%2Fwp%2Fv2%2Fmedia&parent=9753"}],"wp:term":[{"taxonomy":"category","embeddable":true,"href":"https:\/\/www.visionweb.com.ar\/index.php?rest_route=%2Fwp%2Fv2%2Fcategories&post=9753"},{"taxonomy":"post_tag","embeddable":true,"href":"https:\/\/www.visionweb.com.ar\/index.php?rest_route=%2Fwp%2Fv2%2Ftags&post=9753"}],"curies":[{"name":"wp","href":"https:\/\/api.w.org\/{rel}","templated":true}]}}