{"id":9747,"date":"2023-02-28T11:57:06","date_gmt":"2023-02-28T14:57:06","guid":{"rendered":"https:\/\/www.visionweb.com.ar\/?p=9747"},"modified":"2023-02-28T11:57:46","modified_gmt":"2023-02-28T14:57:46","slug":"programa-fines-el-almirante-brown-se-inicio-la-preinscripcion","status":"publish","type":"post","link":"https:\/\/www.visionweb.com.ar\/?p=9747","title":{"rendered":"PlanFinEs: En Almirante Brown se inici\u00f3 la pre inscripci\u00f3n"},"content":{"rendered":"<p><em><strong>El Plan abarca a todas aquellas personas mayores de 18 que est\u00e9n interesados en concluir sus estudios primarios y o secundarios<\/strong><\/em> .<!--more--><\/p>\n<p><strong><img loading=\"lazy\" decoding=\"async\" class=\"size-medium wp-image-9748 alignright\" src=\"https:\/\/www.visionweb.com.ar\/wp-content\/uploads\/2023\/02\/FINES-300x137.png\" alt=\"\" width=\"300\" height=\"137\" srcset=\"https:\/\/www.visionweb.com.ar\/wp-content\/uploads\/2023\/02\/FINES-300x137.png 300w, https:\/\/www.visionweb.com.ar\/wp-content\/uploads\/2023\/02\/FINES.png 640w\" sizes=\"auto, (max-width: 300px) 100vw, 300px\" \/>H<\/strong>asta\u00a0 el pr\u00f3ximo 15 de marzo permanecer\u00e1 abierta la pre inscripci\u00f3n para el Plan FinEs, que permite a los adultos de cualquier edd concluir sus estudios primarios y secundarios, de acuerdo a lo informado por la Secretar\u00eda de Educaci\u00f3n, Ciencia y Tecnolog\u00eda\u00a0 del Municipio.<\/p>\n<p style=\"font-weight: 400;\">La convocatoria est\u00e1 dirigida a las vecinas y los vecinos a partir de los 18 a\u00f1os que no hayan iniciado o completado su educaci\u00f3n primaria o secundaria y tengan intenciones de hacerlo retomando sus estudios.<\/p>\n<p style=\"font-weight: 400;\">Para avanzar con la pre inscripci\u00f3n los y las interesadas deber\u00e1n ingresar al siguiente link: <a href=\"https:\/\/na01.safelinks.protection.outlook.com\/?url=https%3A%2F%2Ffines.educacion.gob.ar%2F&amp;data=05%7C01%7C%7C3d610c37984a476d25a508db17fe34cf%7C84df9e7fe9f640afb435aaaaaaaaaaaa%7C1%7C0%7C638130152850982723%7CUnknown%7CTWFpbGZsb3d8eyJWIjoiMC4wLjAwMDAiLCJQIjoiV2luMzIiLCJBTiI6Ik1haWwiLCJXVCI6Mn0%3D%7C3000%7C%7C%7C&amp;sdata=GXYtZ1z8Go%2FG%2FB8LWMFdHNRR1%2FyeeeDybbOZVbU54wc%3D&amp;reserved=0\">https:\/\/fines.educacion.gob.ar\/<\/a>\u00a0y completar los datos solicitados.<\/p>\n<p style=\"font-weight: 400;\">La propuesta de cursada es presencial para avanzar con el trayecto adeudado o rendir las materias que est\u00e9n pendientes, acompa\u00f1ado de docentes tutores.<\/p>\n<p style=\"font-weight: 400;\">Adem\u00e1s, el Municipio de Almirante Brown pone a disposici\u00f3n puntos itinerantes para realizar la preinscripci\u00f3n de forma presencial. Por ejemplo, este 17 de febrero se llev\u00f3 adelante en la Plaza Los Aromos de Nuestra Se\u00f1ora de Luj\u00e1n de Jos\u00e9 M\u00e1rmol.<\/p>\n<p style=\"font-weight: 400;\">Quienes asistan deber\u00e1n ser mayores de 18 a\u00f1os y llevar fotocopia de DNI, de partida de nacimiento, constancia de cuil y de los \u00faltimos estudios o anal\u00edtico parcial de primaria.<\/p>\n<p style=\"font-weight: 400;\">\u201cComo cada a\u00f1o abrimos la convocatoria de preinscripci\u00f3n para el Plan Fines de forma virtual y presencial en puntos itinerantes para que nuestros vecinos y vecinas puedan avanzar con sus estudios primarios y secundarios\u201d, remarc\u00f3 Mariano Cascallares.<\/p>\n<p style=\"font-weight: 400;\">Por su parte, el intendente interino Juan Fabiani subray\u00f3 esta \u201cimportante herramienta educativa que permite generar conocimientos y equidad en el marco de una pol\u00edtica educativa de calidad que impulsamos junto a la Provincia y a la Naci\u00f3n\u00bb<strong>(VW)<\/strong>.<\/p>\n<p>&nbsp;<\/p>\n<p>&nbsp;<\/p>\n","protected":false},"excerpt":{"rendered":"<p>El Plan abarca a todas aquellas personas mayores de 18 que est\u00e9n interesados en concluir sus estudios primarios y o secundarios .<\/p>\n","protected":false},"author":3,"featured_media":9748,"comment_status":"closed","ping_status":"closed","sticky":false,"template":"","format":"standard","meta":{"_monsterinsights_skip_tracking":false,"_monsterinsights_sitenote_active":false,"_monsterinsights_sitenote_note":"","_monsterinsights_sitenote_category":0,"footnotes":""},"categories":[1],"tags":[2713,4064,4063,4065,1648],"class_list":["post-9747","post","type-post","status-publish","format-standard","has-post-thumbnail","hentry","category-uncategorized","tag-estudios","tag-mayores-de-18","tag-plan","tag-primarios","tag-secundarios"],"_links":{"self":[{"href":"https:\/\/www.visionweb.com.ar\/index.php?rest_route=\/wp\/v2\/posts\/9747","targetHints":{"allow":["GET"]}}],"collection":[{"href":"https:\/\/www.visionweb.com.ar\/index.php?rest_route=\/wp\/v2\/posts"}],"about":[{"href":"https:\/\/www.visionweb.com.ar\/index.php?rest_route=\/wp\/v2\/types\/post"}],"author":[{"embeddable":true,"href":"https:\/\/www.visionweb.com.ar\/index.php?rest_route=\/wp\/v2\/users\/3"}],"replies":[{"embeddable":true,"href":"https:\/\/www.visionweb.com.ar\/index.php?rest_route=%2Fwp%2Fv2%2Fcomments&post=9747"}],"version-history":[{"count":2,"href":"https:\/\/www.visionweb.com.ar\/index.php?rest_route=\/wp\/v2\/posts\/9747\/revisions"}],"predecessor-version":[{"id":9750,"href":"https:\/\/www.visionweb.com.ar\/index.php?rest_route=\/wp\/v2\/posts\/9747\/revisions\/9750"}],"wp:featuredmedia":[{"embeddable":true,"href":"https:\/\/www.visionweb.com.ar\/index.php?rest_route=\/wp\/v2\/media\/9748"}],"wp:attachment":[{"href":"https:\/\/www.visionweb.com.ar\/index.php?rest_route=%2Fwp%2Fv2%2Fmedia&parent=9747"}],"wp:term":[{"taxonomy":"category","embeddable":true,"href":"https:\/\/www.visionweb.com.ar\/index.php?rest_route=%2Fwp%2Fv2%2Fcategories&post=9747"},{"taxonomy":"post_tag","embeddable":true,"href":"https:\/\/www.visionweb.com.ar\/index.php?rest_route=%2Fwp%2Fv2%2Ftags&post=9747"}],"curies":[{"name":"wp","href":"https:\/\/api.w.org\/{rel}","templated":true}]}}