{"id":9745,"date":"2023-02-28T08:29:18","date_gmt":"2023-02-28T11:29:18","guid":{"rendered":"https:\/\/www.visionweb.com.ar\/?p=9745"},"modified":"2023-02-28T08:29:18","modified_gmt":"2023-02-28T11:29:18","slug":"ya-no-se-aceptaran-recetas-electronicas-por-whatsapp-o-mail","status":"publish","type":"post","link":"https:\/\/www.visionweb.com.ar\/?p=9745","title":{"rendered":"Ya no se aceptar\u00e1n recetas electr\u00f3nicas por WhatsApp o mail"},"content":{"rendered":"<p><em><strong>El Gobierno reglament\u00f3 la ley. Se oficializ\u00f3 a trav\u00e9s del decreto 98\/2023. Adem\u00e1s cre\u00f3 la Licencia Sanitaria Federal.<\/strong><\/em><!--more--><\/p>\n<p><strong><img loading=\"lazy\" decoding=\"async\" class=\"size-medium wp-image-7575 alignright\" src=\"https:\/\/www.visionweb.com.ar\/wp-content\/uploads\/2022\/10\/medicamentos-300x212.jpg\" alt=\"\" width=\"300\" height=\"212\" srcset=\"https:\/\/www.visionweb.com.ar\/wp-content\/uploads\/2022\/10\/medicamentos-300x212.jpg 300w, https:\/\/www.visionweb.com.ar\/wp-content\/uploads\/2022\/10\/medicamentos.bmp 535w\" sizes=\"auto, (max-width: 300px) 100vw, 300px\" \/>E<\/strong>l Gobierno oficializ\u00f3 este martes la reglamentaci\u00f3n de la Ley de Recetas Electr\u00f3nicas o digitales, que ya entr\u00f3 en vigencia y dej\u00f3 sin efecto las foto-recetas v\u00eda WhatsApp o mail que se habilitaron en plena pandemia de coronavirus.<\/p>\n<p>En ese sentido, solo se podr\u00e1 adquirir medicaci\u00f3n en farmacias o droguer\u00edas a trav\u00e9s de la orden m\u00e9dica en papel o con la receta electr\u00f3nica o digital, un archivo que confecciona el m\u00e9dico a trav\u00e9s de una plataforma digital, con firma electr\u00f3nica certificada y una identificaci\u00f3n \u00fanica mediante c\u00f3digo de barras o c\u00f3digo QR.<\/p>\n<p>\u201cLa Ley N\u00b0 27.553 tiene por objeto establecer que la prescripci\u00f3n y dispensaci\u00f3n de medicamentos, y toda otra prescripci\u00f3n, puedan ser redactadas y firmadas a trav\u00e9s de firmas manuscritas, electr\u00f3nicas o digitales, en recetas electr\u00f3nicas o digitales, en todo el territorio nacional; como tambi\u00e9n que puedan utilizarse plataformas de teleasistencia en salud, en el mismo \u00e1mbito\u201d, se especifica en <em><strong>el decreto 98\/2023, que fue publicado el martes en el Bolet\u00edn Oficial.<\/strong><\/em><\/p>\n<p>Seg\u00fan detalla, cada receta electr\u00f3nica o digital deber\u00e1 contar con ciertos requisitos para ser considerada v\u00e1lida.\u00a0Entre ellos, se destaca la obligaci\u00f3n de que tengan un identificador \u00fanico e irrepetible.<\/p>\n<p>Adem\u00e1s, debe cumplir con los est\u00e1ndares de seguridad y ser inalterable. Asimismo, tendr\u00e1n que tener la fecha de inicio de vigencia; el plazo es de 30 d\u00edas corridos para los medicamentos y de 60 d\u00edas para otras prescripciones (pr\u00e1cticas, estudios, prestaciones, etc.), salvo disposici\u00f3n en contrario, y pueden extenderse tambi\u00e9n recetas para tratamientos cr\u00f3nicos para per\u00edodos prolongados de hasta 90 d\u00edas.<\/p>\n<p>El inicio del proceso de inscripci\u00f3n que deber\u00e1n realizar las plataformas, aplicaciones y sistemas de receta electr\u00f3nica o digital y de teleasistencia, que se realizar\u00e1 hasta el 31 de diciembre de 2023.<\/p>\n<p>A partir de marzo de 2024 se dar\u00e1 inicio al proceso de aprobaci\u00f3n de todas aquellas plataformas que se hayan inscripto.<\/p>\n<p>La implementaci\u00f3n de los requisitos de las recetas electr\u00f3nicas o digitales y el registro de sus plataformas ser\u00e1 progresivo. Aquellas recetas electr\u00f3nicas o digitales que se est\u00e1n utilizando actualmente contin\u00faan siendo v\u00e1lidas, en tanto cumplan con los requisitos b\u00e1sicos previstos por las normas ya vigentes, en los t\u00e9rminos que la cartera sanitaria ha establecido y conforme al cronograma de implementaci\u00f3n.<\/p>\n<p>Las recetas digitales no se efectuar\u00e1n a trav\u00e9s de una plataforma \u00fanica unificada en todo el pa\u00eds. En esta primera instancia, que se prolongar\u00e1 por 12 meses, todas las plataformas que hoy est\u00e1n en uso podr\u00e1n seguir utiliz\u00e1ndose.<\/p>\n<p>En paralelo, se cre\u00f3 la Licencia Sanitaria Federal, que \u201cincluir\u00e1 a todas las matr\u00edculas habilitantes de los profesionales de la salud registrados en la Red Federal de Registros de Profesionales de la Salud\u201d y otorgar\u00e1 una \u201cclave \u00fanica de identificaci\u00f3n de profesional sanitario\u201d, con el objetivo de \u201cidentificar de manera un\u00edvoca a los profesionales que prestan sus servicios\u201d en todo el pa\u00eds y \u201ccomo acceder a los sistemas interoperables para la implementaci\u00f3n de las Tecnolog\u00edas de la Informaci\u00f3n y la Comunicaci\u00f3n (TIC) en el Sistema Sanitario Argentino\u201d<strong>(WP)<\/strong><\/p>\n","protected":false},"excerpt":{"rendered":"<p>El Gobierno reglament\u00f3 la ley. Se oficializ\u00f3 a trav\u00e9s del decreto 98\/2023. Adem\u00e1s cre\u00f3 la Licencia Sanitaria Federal.<\/p>\n","protected":false},"author":3,"featured_media":7575,"comment_status":"closed","ping_status":"closed","sticky":false,"template":"","format":"standard","meta":{"_monsterinsights_skip_tracking":false,"_monsterinsights_sitenote_active":false,"_monsterinsights_sitenote_note":"","_monsterinsights_sitenote_category":0,"footnotes":""},"categories":[3],"tags":[4062,4060,4061,4059],"class_list":["post-9745","post","type-post","status-publish","format-standard","has-post-thumbnail","hentry","category-actualidad","tag-aap","tag-electronicas","tag-papel","tag-recetas"],"_links":{"self":[{"href":"https:\/\/www.visionweb.com.ar\/index.php?rest_route=\/wp\/v2\/posts\/9745","targetHints":{"allow":["GET"]}}],"collection":[{"href":"https:\/\/www.visionweb.com.ar\/index.php?rest_route=\/wp\/v2\/posts"}],"about":[{"href":"https:\/\/www.visionweb.com.ar\/index.php?rest_route=\/wp\/v2\/types\/post"}],"author":[{"embeddable":true,"href":"https:\/\/www.visionweb.com.ar\/index.php?rest_route=\/wp\/v2\/users\/3"}],"replies":[{"embeddable":true,"href":"https:\/\/www.visionweb.com.ar\/index.php?rest_route=%2Fwp%2Fv2%2Fcomments&post=9745"}],"version-history":[{"count":1,"href":"https:\/\/www.visionweb.com.ar\/index.php?rest_route=\/wp\/v2\/posts\/9745\/revisions"}],"predecessor-version":[{"id":9746,"href":"https:\/\/www.visionweb.com.ar\/index.php?rest_route=\/wp\/v2\/posts\/9745\/revisions\/9746"}],"wp:featuredmedia":[{"embeddable":true,"href":"https:\/\/www.visionweb.com.ar\/index.php?rest_route=\/wp\/v2\/media\/7575"}],"wp:attachment":[{"href":"https:\/\/www.visionweb.com.ar\/index.php?rest_route=%2Fwp%2Fv2%2Fmedia&parent=9745"}],"wp:term":[{"taxonomy":"category","embeddable":true,"href":"https:\/\/www.visionweb.com.ar\/index.php?rest_route=%2Fwp%2Fv2%2Fcategories&post=9745"},{"taxonomy":"post_tag","embeddable":true,"href":"https:\/\/www.visionweb.com.ar\/index.php?rest_route=%2Fwp%2Fv2%2Ftags&post=9745"}],"curies":[{"name":"wp","href":"https:\/\/api.w.org\/{rel}","templated":true}]}}