{"id":9735,"date":"2023-02-27T09:38:29","date_gmt":"2023-02-27T12:38:29","guid":{"rendered":"https:\/\/www.visionweb.com.ar\/?p=9735"},"modified":"2023-02-27T09:38:29","modified_gmt":"2023-02-27T12:38:29","slug":"febrero-se-despide-con-maximas-de-36-grados-en-la-provincia","status":"publish","type":"post","link":"https:\/\/www.visionweb.com.ar\/?p=9735","title":{"rendered":"Febrero se despide con m\u00e1ximas de 36 grados en la provincia"},"content":{"rendered":"<p><em><strong>En el conurbano y en el resto del interior, el martes las m\u00e1ximas superar\u00e1n los 32 grados. En la zona costera las temperaturas ser\u00e1n levemente menores.<\/strong><\/em> <!--more--><\/p>\n<p><strong><img loading=\"lazy\" decoding=\"async\" class=\"size-medium wp-image-8591 alignleft\" src=\"https:\/\/www.visionweb.com.ar\/wp-content\/uploads\/2022\/12\/CALOR-1-300x169.png\" alt=\"\" width=\"300\" height=\"169\" srcset=\"https:\/\/www.visionweb.com.ar\/wp-content\/uploads\/2022\/12\/CALOR-1-300x169.png 300w, https:\/\/www.visionweb.com.ar\/wp-content\/uploads\/2022\/12\/CALOR-1.png 640w\" sizes=\"auto, (max-width: 300px) 100vw, 300px\" \/>E<\/strong>l mes de febrero se despedir\u00e1 con altas temperaturas en todo el pa\u00eds y en varios distritos del norte, el oeste y el sur de las provincias de Buenos Aires las m\u00e1ximas llegar\u00e1n a los 36 grados, seg\u00fan detalla el Servicio Meteorol\u00f3gico Nacional (SMN).<\/p>\n<p>Adem\u00e1s, el pron\u00f3stico semanal (abarca a los primeros d\u00edas de marzo) del organismo del clima anticipa temperaturas m\u00e1s c\u00e1lidas que el comportamiento promedio.<\/p>\n<p>\u201cPosiblemente llegaremos a la 9\u00b0 ola de calor del verano 2022\/23\u201d, sostuvo en su cuenta de Twitter la comunicadora del SMN, Cindy Fern\u00e1ndez.<\/p>\n<p>\u201cAprovechen esta noche a abrir ventanas y ventilar. Refresquen la casa todo lo que puedan, porque desde ma\u00f1ana se viene el calor fuerte otra vez\u201d, indic\u00f3 la especialista.<\/p>\n<p>En la provincia de Buenos Aires, las m\u00e1ximas llegar\u00e1n este lunes a los 33 grados en distritos del norte como San Nicol\u00e1s de los Arroyos y Pergamino, y del oeste como Trenque Lauquen y Pehuaj\u00f3.<\/p>\n<p>En tanto, el martes trepar\u00e1n a 36 para los sectores mencionados y para municipios del sur como Bah\u00eda Blanca y Monte Hermoso.<\/p>\n<p>En el conurbano y en el resto del interior (a excepci\u00f3n de gran parte del sector costero) ese d\u00eda las m\u00e1ximas superar\u00e1n los 32 grados.<\/p>\n<p>En muchos distritos tambi\u00e9n se espera una semana agobiante durante las noches, con temperaturas m\u00ednimas por arriba de los 20 grados. Esa situaci\u00f3n se dar\u00e1 mayormente en el norte de la provincia, en el conurbano y en municipios del oeste y centro como Trenque Lauquen, Bol\u00edvar y Las Flores.<\/p>\n<p>Un poco m\u00e1s aliviados, los municipios mar\u00edtimos tendr\u00e1n un cierre de mes y de temporada tambi\u00e9n con temperaturas altas: desde el martes se anticipan m\u00e1ximas de 28 o por encima en todo el sector costera<strong>(VW)<\/strong><\/p>\n","protected":false},"excerpt":{"rendered":"<p>En el conurbano y en el resto del interior, el martes las m\u00e1ximas superar\u00e1n los 32 grados. En la zona costera las temperaturas ser\u00e1n levemente menores.<\/p>\n","protected":false},"author":3,"featured_media":8591,"comment_status":"closed","ping_status":"closed","sticky":false,"template":"","format":"standard","meta":{"_monsterinsights_skip_tracking":false,"_monsterinsights_sitenote_active":false,"_monsterinsights_sitenote_note":"","_monsterinsights_sitenote_category":0,"footnotes":""},"categories":[3],"tags":[227,4054,1633,212],"class_list":["post-9735","post","type-post","status-publish","format-standard","has-post-thumbnail","hentry","category-actualidad","tag-costa","tag-febrero","tag-temperaturas","tag-verano"],"_links":{"self":[{"href":"https:\/\/www.visionweb.com.ar\/index.php?rest_route=\/wp\/v2\/posts\/9735","targetHints":{"allow":["GET"]}}],"collection":[{"href":"https:\/\/www.visionweb.com.ar\/index.php?rest_route=\/wp\/v2\/posts"}],"about":[{"href":"https:\/\/www.visionweb.com.ar\/index.php?rest_route=\/wp\/v2\/types\/post"}],"author":[{"embeddable":true,"href":"https:\/\/www.visionweb.com.ar\/index.php?rest_route=\/wp\/v2\/users\/3"}],"replies":[{"embeddable":true,"href":"https:\/\/www.visionweb.com.ar\/index.php?rest_route=%2Fwp%2Fv2%2Fcomments&post=9735"}],"version-history":[{"count":1,"href":"https:\/\/www.visionweb.com.ar\/index.php?rest_route=\/wp\/v2\/posts\/9735\/revisions"}],"predecessor-version":[{"id":9736,"href":"https:\/\/www.visionweb.com.ar\/index.php?rest_route=\/wp\/v2\/posts\/9735\/revisions\/9736"}],"wp:featuredmedia":[{"embeddable":true,"href":"https:\/\/www.visionweb.com.ar\/index.php?rest_route=\/wp\/v2\/media\/8591"}],"wp:attachment":[{"href":"https:\/\/www.visionweb.com.ar\/index.php?rest_route=%2Fwp%2Fv2%2Fmedia&parent=9735"}],"wp:term":[{"taxonomy":"category","embeddable":true,"href":"https:\/\/www.visionweb.com.ar\/index.php?rest_route=%2Fwp%2Fv2%2Fcategories&post=9735"},{"taxonomy":"post_tag","embeddable":true,"href":"https:\/\/www.visionweb.com.ar\/index.php?rest_route=%2Fwp%2Fv2%2Ftags&post=9735"}],"curies":[{"name":"wp","href":"https:\/\/api.w.org\/{rel}","templated":true}]}}