{"id":9727,"date":"2023-02-27T09:09:25","date_gmt":"2023-02-27T12:09:25","guid":{"rendered":"https:\/\/www.visionweb.com.ar\/?p=9727"},"modified":"2023-02-27T09:11:11","modified_gmt":"2023-02-27T12:11:11","slug":"sorpresivo-paro-de-colectivos-en-el-amba","status":"publish","type":"post","link":"https:\/\/www.visionweb.com.ar\/?p=9727","title":{"rendered":"Sorpresivo paro de colectivos en el AMBA"},"content":{"rendered":"<p class=\"description separatorlines\"><em><strong>La medida de fuerza comenz\u00f3 a regir desde la medianoche, por una deuda salarial, y se prolongar\u00e1 hasta que la empresa regularice la situaci\u00f3n.<\/strong><\/em><!--more--><\/p>\n<div id=\"attachment_9729\" style=\"width: 310px\" class=\"wp-caption alignright\"><img loading=\"lazy\" decoding=\"async\" aria-describedby=\"caption-attachment-9729\" class=\"wp-image-9729 size-medium\" src=\"https:\/\/www.visionweb.com.ar\/wp-content\/uploads\/2023\/02\/COLECTIVOS-300x162.png\" alt=\"\" width=\"300\" height=\"162\" srcset=\"https:\/\/www.visionweb.com.ar\/wp-content\/uploads\/2023\/02\/COLECTIVOS-300x162.png 300w, https:\/\/www.visionweb.com.ar\/wp-content\/uploads\/2023\/02\/COLECTIVOS.png 640w\" sizes=\"auto, (max-width: 300px) 100vw, 300px\" \/><p id=\"caption-attachment-9729\" class=\"wp-caption-text\"><em><strong>Los ch\u00f3feres se presentan en cabecera, pero no salen al prestar servicio.(Archivo VW)<\/strong> <\/em><\/p><\/div>\n<p><strong>M<\/strong>\u00e1s de 50 l\u00edneas de colectivos que forman parte del Grupo Dota iniciaron un sorpresivo paro esta medianoche por una deuda salarial.<\/p>\n<p>La medida, que afecta a l\u00edneas que circulan por la Ciudad de Buenos Aires y el Conurbano bonaerense, comenz\u00f3 a la 0 horas de este lunes y se extender\u00e1 \u00abhasta regularizar la situaci\u00f3n\u00bb de los empleados, advirtieron.<\/p>\n<p>En este marco, el personal se presentar\u00e1 en las distintas cabeceras, pero no prestar\u00e1 servicios hasta no les abonen el dinero adeudado. Otras 30 l\u00edneas podr\u00edan adoptar la misma postura.<\/p>\n<p>Uno de los ch\u00f3feres de la empresa DOTA en declaraciones radiales asegur\u00f3 que: \u00abEsper\u00e1bamos que nos depositen los saldos adeudados y hasta que no lo hagan mantendremos la protesta\u00bb, advirti\u00f3.<\/p>\n<p>Anoche a \u00faltima hora gremios del sector decidieron llevar a cabo una retenci\u00f3n de tareas hasta que las empresas paguen lo adeudado a los choferes.<\/p>\n<p>En efecto, los colectiveros se presentan en cabecera pero hasta tanto no cobren lo que desde el GRUPO DOTA les deben no prestar\u00e1n el servicio.<\/p>\n<p>Por lo pronto la medida de fuerza afecta a m\u00e1s de 50 l\u00edneas de colectivos que operan en el AMBA pero <b>podr\u00eda extenderse a m\u00e1s de 80\u00a0<\/b>si contin\u00faa sin saldarse la deuda salarial. Con la particularidad que el paro se est\u00e1 llevando a cabo en el d\u00eda que comienzan las clases en la Ciudad de Buenos Aires.<\/p>\n<p>Las l\u00edneas que no funcionan, hasta el momento, son las siguientes:<\/p>\n<ul>\n<li><b>5, 6, 7, 8, 9.<\/b><\/li>\n<li><b>20, 21, 23, 24, 25, 28.<\/b><\/li>\n<li><b>31.<\/b><\/li>\n<li><b>44.<\/b><\/li>\n<li><b>50, 51, 56, 57.<\/b><\/li>\n<li><b>74, 76, 79.<\/b><\/li>\n<li><b>84.<\/b><\/li>\n<li><b>91, 99.<\/b><\/li>\n<li><b>101, 107, 108,\u00a0<\/b><b>117,\u00a0<\/b><b>135,\u00a0<\/b><b>146,\u00a0<\/b><b>150,\u00a0<\/b><b>161,\u00a0<\/b><b>164, 168,\u00a0<\/b><b>177,\u00a0<\/b><b>188.<\/b><\/li>\n<li><b>263,\u00a0<\/b><b>271,\u00a0<\/b><b>299,\u00a0<\/b><b>370, 373,\u00a0<\/b><b>384, 385, 388.<\/b><\/li>\n<li><b>403, 405, 421, 429, 435.<\/b><\/li>\n<li><b>503 San Vicente, 514 Almirante Brown y 520 Lan\u00fas.(VW)<\/b><\/li>\n<li><\/li>\n<\/ul>\n","protected":false},"excerpt":{"rendered":"<p>La medida de fuerza comenz\u00f3 a regir desde la medianoche, por una deuda salarial, y se prolongar\u00e1 hasta que la empresa regularice la situaci\u00f3n.<\/p>\n","protected":false},"author":3,"featured_media":9729,"comment_status":"closed","ping_status":"closed","sticky":false,"template":"","format":"standard","meta":{"_monsterinsights_skip_tracking":false,"_monsterinsights_sitenote_active":false,"_monsterinsights_sitenote_note":"","_monsterinsights_sitenote_category":0,"footnotes":""},"categories":[8],"tags":[4052,4053,705,4051,252],"class_list":["post-9727","post","type-post","status-publish","format-standard","has-post-thumbnail","hentry","category-interes-general","tag-cabecera","tag-choferes","tag-colectivos","tag-deuda-salarial","tag-paro"],"_links":{"self":[{"href":"https:\/\/www.visionweb.com.ar\/index.php?rest_route=\/wp\/v2\/posts\/9727","targetHints":{"allow":["GET"]}}],"collection":[{"href":"https:\/\/www.visionweb.com.ar\/index.php?rest_route=\/wp\/v2\/posts"}],"about":[{"href":"https:\/\/www.visionweb.com.ar\/index.php?rest_route=\/wp\/v2\/types\/post"}],"author":[{"embeddable":true,"href":"https:\/\/www.visionweb.com.ar\/index.php?rest_route=\/wp\/v2\/users\/3"}],"replies":[{"embeddable":true,"href":"https:\/\/www.visionweb.com.ar\/index.php?rest_route=%2Fwp%2Fv2%2Fcomments&post=9727"}],"version-history":[{"count":4,"href":"https:\/\/www.visionweb.com.ar\/index.php?rest_route=\/wp\/v2\/posts\/9727\/revisions"}],"predecessor-version":[{"id":9732,"href":"https:\/\/www.visionweb.com.ar\/index.php?rest_route=\/wp\/v2\/posts\/9727\/revisions\/9732"}],"wp:featuredmedia":[{"embeddable":true,"href":"https:\/\/www.visionweb.com.ar\/index.php?rest_route=\/wp\/v2\/media\/9729"}],"wp:attachment":[{"href":"https:\/\/www.visionweb.com.ar\/index.php?rest_route=%2Fwp%2Fv2%2Fmedia&parent=9727"}],"wp:term":[{"taxonomy":"category","embeddable":true,"href":"https:\/\/www.visionweb.com.ar\/index.php?rest_route=%2Fwp%2Fv2%2Fcategories&post=9727"},{"taxonomy":"post_tag","embeddable":true,"href":"https:\/\/www.visionweb.com.ar\/index.php?rest_route=%2Fwp%2Fv2%2Ftags&post=9727"}],"curies":[{"name":"wp","href":"https:\/\/api.w.org\/{rel}","templated":true}]}}