{"id":9717,"date":"2023-02-24T20:26:28","date_gmt":"2023-02-24T23:26:28","guid":{"rendered":"https:\/\/www.visionweb.com.ar\/?p=9717"},"modified":"2023-02-24T20:31:01","modified_gmt":"2023-02-24T23:31:01","slug":"scioli-confirmo-su-precandidatura-presidencial","status":"publish","type":"post","link":"https:\/\/www.visionweb.com.ar\/?p=9717","title":{"rendered":"Scioli, tambien confirm\u00f3 su precandidatura presidencial"},"content":{"rendered":"<p><strong><em>\u201cCuenten con mi experiencia<\/em><\/strong><em>\u00a0<\/em><strong><em>para hacer lo que haya que hacer\u201d. <\/em><\/strong><em>\u00a0<strong>\u201cEstoy convencido de que con mi experiencia, con mi agenda de desarrollo, el pa\u00eds tiene un gran destino\u201d, dijo el jueves por TV.<\/strong><\/em><strong>\u00a0<\/strong><!--more--><\/p>\n<p><strong>\u00a0\u00a0\u00a0\u00a0\u00a0\u00a0\u00a0\u00a0 <img loading=\"lazy\" decoding=\"async\" class=\"size-medium wp-image-9719 alignright\" src=\"https:\/\/www.visionweb.com.ar\/wp-content\/uploads\/2023\/02\/scioli-300x210.jpg\" alt=\"\" width=\"300\" height=\"210\" srcset=\"https:\/\/www.visionweb.com.ar\/wp-content\/uploads\/2023\/02\/scioli-300x210.jpg 300w, https:\/\/www.visionweb.com.ar\/wp-content\/uploads\/2023\/02\/scioli.bmp 365w\" sizes=\"auto, (max-width: 300px) 100vw, 300px\" \/>\u00a0 \u00a0\u00a0\u00a0\u00a0\u00a0E<\/strong>l embajador argentino en Brasil,\u00a0<strong>Daniel Scioli, confirm\u00f3 su precandidatura presidencial en las Primarias, Abiertas, Simult\u00e1neas y Obligatorias (PASO)<\/strong>\u00a0por el <strong>Frente de Todos<\/strong> y asegur\u00f3 que \u201cel pa\u00eds tiene un porvenir muy positivo\u201d.<\/p>\n<p>\u201cEl \u2018cuenten conmigo\u2019 es cuenten con mi experiencia\u00a0<strong>para hacer lo que haya que hacer<\/strong>\u201c, expres\u00f3 <strong>el jueves por la noche<\/strong> en declaraciones televisivas, en referencia a la carta que public\u00f3 esta semana en sus redes sociales respecto a sus planes para este a\u00f1o electoral.<\/p>\n<p>Scioli asegur\u00f3 que ser\u00e1 \u201c<strong>precandidato, porque no puedo ser indiferente<\/strong>\u201d.<\/p>\n<p>En esa l\u00ednea, se\u00f1al\u00f3: \u201cEstoy absolutamente convencido de que con mi experiencia, con mi agenda de desarrollo, tengo una profunda convicci\u00f3n que inexorablemente el pa\u00eds tiene un gran destino y porvenir por delante muy positivo, porque tenemos sectores estrat\u00e9gicos que el mundo demanda y que hay que desarrollarlos\u201d.<\/p>\n<p>\u201cEse gasoducto (N\u00e9stor Kirchner) es el gran futuro de Argentina. <strong>Brasil me permiti\u00f3 entender la agenda moderna, la inteligencia artificial<\/strong>, la demanda del sector agroalimentario, las preocupaciones de la juventud\u201d, indic\u00f3.<\/p>\n<p>El embajador asegur\u00f3: \u201cLo que tenemos que buscar ahora es <strong>entrar en el c\u00edrculo virtuoso del crecimiento<\/strong>, de expandir la actividad econ\u00f3mica, no restringirla\u201d, al referirse al discurso prevalente de la oposici\u00f3n que pide eliminar el d\u00e9ficit fiscal.<\/p>\n<p>\u201cLo que est\u00e1 en disputa son dos modelos de pa\u00eds muy claros\u201d, asever\u00f3.<\/p>\n<p>En ese sentido, cuestion\u00f3: \u201c\u00bfC\u00f3mo no vamos a tener esperanza y confianza en un pa\u00eds donde hay que poner toda la fuerza y los acuerdos para que lleguen inversiones? Hay que generar la confianza para que inviertan\u201d.<\/p>\n<p>Adem\u00e1s, record\u00f3 que durante el debate electoral en 2015, advirti\u00f3 que si ganaba Mauricio Macri \u201cvolv\u00eda el Fondo\u201d Monetario Internacional, y en ese sentido asegur\u00f3: \u201cEsta vez no quiero tener raz\u00f3n, quiero tener la oportunidad de aplicar el otro camino hacia el futuro del pa\u00eds\u201d.<\/p>\n<p>\u201cLas PASO potencian, son importantes. Que haya la mayor participaci\u00f3n posible\u201d, complet\u00f3. <strong>(VW)<\/strong><\/p>\n<p>&nbsp;<\/p>\n","protected":false},"excerpt":{"rendered":"<p>\u201cCuenten con mi experiencia\u00a0para hacer lo que haya que hacer\u201d. \u00a0\u201cEstoy convencido de que con mi experiencia, con mi agenda de desarrollo, el pa\u00eds tiene un gran destino\u201d, dijo el jueves por TV.\u00a0<\/p>\n","protected":false},"author":4,"featured_media":9719,"comment_status":"closed","ping_status":"closed","sticky":false,"template":"","format":"standard","meta":{"_monsterinsights_skip_tracking":false,"_monsterinsights_sitenote_active":false,"_monsterinsights_sitenote_note":"","_monsterinsights_sitenote_category":0,"footnotes":""},"categories":[4],"tags":[4049,4036],"class_list":["post-9717","post","type-post","status-publish","format-standard","has-post-thumbnail","hentry","category-politica","tag-daniel-scioli","tag-precandidato-a-presidente"],"_links":{"self":[{"href":"https:\/\/www.visionweb.com.ar\/index.php?rest_route=\/wp\/v2\/posts\/9717","targetHints":{"allow":["GET"]}}],"collection":[{"href":"https:\/\/www.visionweb.com.ar\/index.php?rest_route=\/wp\/v2\/posts"}],"about":[{"href":"https:\/\/www.visionweb.com.ar\/index.php?rest_route=\/wp\/v2\/types\/post"}],"author":[{"embeddable":true,"href":"https:\/\/www.visionweb.com.ar\/index.php?rest_route=\/wp\/v2\/users\/4"}],"replies":[{"embeddable":true,"href":"https:\/\/www.visionweb.com.ar\/index.php?rest_route=%2Fwp%2Fv2%2Fcomments&post=9717"}],"version-history":[{"count":4,"href":"https:\/\/www.visionweb.com.ar\/index.php?rest_route=\/wp\/v2\/posts\/9717\/revisions"}],"predecessor-version":[{"id":9722,"href":"https:\/\/www.visionweb.com.ar\/index.php?rest_route=\/wp\/v2\/posts\/9717\/revisions\/9722"}],"wp:featuredmedia":[{"embeddable":true,"href":"https:\/\/www.visionweb.com.ar\/index.php?rest_route=\/wp\/v2\/media\/9719"}],"wp:attachment":[{"href":"https:\/\/www.visionweb.com.ar\/index.php?rest_route=%2Fwp%2Fv2%2Fmedia&parent=9717"}],"wp:term":[{"taxonomy":"category","embeddable":true,"href":"https:\/\/www.visionweb.com.ar\/index.php?rest_route=%2Fwp%2Fv2%2Fcategories&post=9717"},{"taxonomy":"post_tag","embeddable":true,"href":"https:\/\/www.visionweb.com.ar\/index.php?rest_route=%2Fwp%2Fv2%2Ftags&post=9717"}],"curies":[{"name":"wp","href":"https:\/\/api.w.org\/{rel}","templated":true}]}}