{"id":9713,"date":"2023-02-24T20:03:48","date_gmt":"2023-02-24T23:03:48","guid":{"rendered":"https:\/\/www.visionweb.com.ar\/?p=9713"},"modified":"2023-02-24T20:03:48","modified_gmt":"2023-02-24T23:03:48","slug":"cafiero-ira-a-bangladesh-para-reabrir-la-embajada-argentina-en-ese-pais","status":"publish","type":"post","link":"https:\/\/www.visionweb.com.ar\/?p=9713","title":{"rendered":"Cafiero ir\u00e1 a Bangladesh para reabrir la Embajada Argentina en ese pa\u00eds"},"content":{"rendered":"<p><strong><em>En abril del 2022, se inici\u00f3 el expediente para la reapertura de esta sede diplom\u00e1tica, que hab\u00eda sido cerrada por la dictadura militar en 1978<\/em><\/strong><em>.<\/em><!--more--><\/p>\n<div id=\"attachment_9715\" style=\"width: 310px\" class=\"wp-caption alignright\"><img loading=\"lazy\" decoding=\"async\" aria-describedby=\"caption-attachment-9715\" class=\"wp-image-9715 size-medium\" src=\"https:\/\/www.visionweb.com.ar\/wp-content\/uploads\/2023\/02\/cafiero-y-embajadora-de-bangladesh-de-brasil-300x166.jpg\" alt=\"\" width=\"300\" height=\"166\" srcset=\"https:\/\/www.visionweb.com.ar\/wp-content\/uploads\/2023\/02\/cafiero-y-embajadora-de-bangladesh-de-brasil-300x166.jpg 300w, https:\/\/www.visionweb.com.ar\/wp-content\/uploads\/2023\/02\/cafiero-y-embajadora-de-bangladesh-de-brasil.bmp 417w\" sizes=\"auto, (max-width: 300px) 100vw, 300px\" \/><p id=\"caption-attachment-9715\" class=\"wp-caption-text\">Cafiero y la embajadora de Bangladesh en Brasil, Sadia Faizunnesa. Foto: Canciller\u00eda<\/p><\/div>\n<p><strong> \u00a0\u00a0\u00a0\u00a0 E<\/strong>l canciller\u00a0<strong>Santiago Cafiero viajar\u00e1 ma\u00f1ana a la ciudad de Dacca<\/strong>, capital de Bangladesh, junto a una delegaci\u00f3n de empresarios, para llevar adelante l<strong>a apertura de la Embajada Argentina en la Rep\u00fablica Popular de Bangladesh<\/strong>.<\/p>\n<p>En ese sentido, la Canciller\u00eda emiti\u00f3 un comunicado que expres\u00f3:\u00a0\u00a0\u201cLa visita de Cafiero representa un hecho significativo para la geopol\u00edtica argentina, ya que se encuentra ubicado en el cruce de Asia del Sur, Asia del Este y el Sudeste asi\u00e1tico, como as\u00ed tambi\u00e9n ser\u00e1 el puntapi\u00e9 inicial para ampliar el comercio bilateral con el octavo pa\u00eds m\u00e1s poblado del mundo, con un mercado de m\u00e1s de 170 millones de habitantes\u201d.<\/p>\n<p>La Canciller\u00eda a la vez, puso de relieve que\u00a0Argentina fue \u201cUno de los primeros pa\u00edses que\u00a0<strong>reconoci\u00f3 la independencia de Bangladesh<\/strong>, que declar\u00f3 su independencia en marzo de 1971 y que fuera conquistada\u00a0durante los siguientes nueve meses. Saldo tr\u00e1gico de millones de asesinados y pueblo hambreado\u201d.<\/p>\n<p>El comunicado record\u00f3 que: \u201cEl general Juan Domingo Per\u00f3n habilit\u00f3 la primera representaci\u00f3n diplom\u00e1tica el 30 de octubre de 1973\u201d y en ese momento\u00a0 Bangladesh \u201cera apoyada por la India y la URSS y era s\u00edmbolo de los No-alineados\u201d.<\/p>\n<p>El informe oficial, destac\u00f3 que: \u201c<strong>La dictadura militar que azot\u00f3 a la Argentina decidi\u00f3, en 1978<\/strong>, por orden del entonces gobierno de facto al mando de Jorge Rafael Videla, mediante el decreto n\u00ba 3755 publicado el15\/12\/1977, <strong>cerrar la embajada argentina en ese pa\u00eds<\/strong>\u201d.<\/p>\n<p>El comunicado apunt\u00f3 tambi\u00e9n que, \u201cLuego, en el marco de la <strong>guerra de independencia de Bangladesh en 1971, la Argentina jug\u00f3 un rol muy importante en la Organizaci\u00f3n de las Naciones Unidas para poner fin al conflicto<\/strong>\u201d.<\/p>\n<p>\u201cNuestro pa\u00eds fue uno de las primeras naciones en reconocer la naciente Rep\u00fablica Popular de Bangladesh y en abrir una Embajada en Dacca estableciendo las relaciones diplom\u00e1ticas el 25 de mayo de 1972\u201d, asever\u00f3.<\/p>\n<p>\u201cEl acercamiento entre ambos pueblos se profundiz\u00f3 de la mano del f\u00fatbol, particularmente, a trav\u00e9s de la figura de\u00a0<strong>Diego Maradona<\/strong>\u00a0en el Mundial de 1986, (..) que pas\u00f3 en la actualidad a verse reflejada en <strong>Lionel Messi<\/strong> y se hizo notoria en los masivos festejos en las calles de <strong>Dacca tras la obtenci\u00f3n de la copa del mundo<\/strong> por parte de la selecci\u00f3n argentina\u201d,\u00a0sostuvo el informe oficial.<\/p>\n<p>\u201cLas exportaciones argentinas -se puntualiza- alcanzaron USD 742,9 millones y las importaciones desde Bangladesh totalizaron USD 22,1 millones. Se registr\u00f3 en 2022 un super\u00e1vit comercial para Argentina de USD 720,8 millones. Posible oportunidad comercial atento Bangladesh precisa productos agroindustriales donde Argentina tiene una baja participaci\u00f3n del mercado\u201d.<\/p>\n<p>Adem\u00e1s, la Canciller\u00eda enfatiz\u00f3 que, \u201cen abril del a\u00f1o 2022, se inici\u00f3 el expediente para la reapertura de esta sede diplom\u00e1tica\u201d.\u00a0<strong>(VW)<\/strong><\/p>\n<p>&nbsp;<\/p>\n","protected":false},"excerpt":{"rendered":"<p>En abril del 2022, se inici\u00f3 el expediente para la reapertura de esta sede diplom\u00e1tica, que hab\u00eda sido cerrada por la dictadura militar en 1978.<\/p>\n","protected":false},"author":4,"featured_media":9715,"comment_status":"closed","ping_status":"closed","sticky":false,"template":"","format":"standard","meta":{"_monsterinsights_skip_tracking":false,"_monsterinsights_sitenote_active":false,"_monsterinsights_sitenote_note":"","_monsterinsights_sitenote_category":0,"footnotes":""},"categories":[8,4],"tags":[4046,4048,4047],"class_list":["post-9713","post","type-post","status-publish","format-standard","has-post-thumbnail","hentry","category-interes-general","category-politica","tag-apertura-embajada-en-bangladesh","tag-cancilleria","tag-santiago-cafiero"],"_links":{"self":[{"href":"https:\/\/www.visionweb.com.ar\/index.php?rest_route=\/wp\/v2\/posts\/9713","targetHints":{"allow":["GET"]}}],"collection":[{"href":"https:\/\/www.visionweb.com.ar\/index.php?rest_route=\/wp\/v2\/posts"}],"about":[{"href":"https:\/\/www.visionweb.com.ar\/index.php?rest_route=\/wp\/v2\/types\/post"}],"author":[{"embeddable":true,"href":"https:\/\/www.visionweb.com.ar\/index.php?rest_route=\/wp\/v2\/users\/4"}],"replies":[{"embeddable":true,"href":"https:\/\/www.visionweb.com.ar\/index.php?rest_route=%2Fwp%2Fv2%2Fcomments&post=9713"}],"version-history":[{"count":2,"href":"https:\/\/www.visionweb.com.ar\/index.php?rest_route=\/wp\/v2\/posts\/9713\/revisions"}],"predecessor-version":[{"id":9716,"href":"https:\/\/www.visionweb.com.ar\/index.php?rest_route=\/wp\/v2\/posts\/9713\/revisions\/9716"}],"wp:featuredmedia":[{"embeddable":true,"href":"https:\/\/www.visionweb.com.ar\/index.php?rest_route=\/wp\/v2\/media\/9715"}],"wp:attachment":[{"href":"https:\/\/www.visionweb.com.ar\/index.php?rest_route=%2Fwp%2Fv2%2Fmedia&parent=9713"}],"wp:term":[{"taxonomy":"category","embeddable":true,"href":"https:\/\/www.visionweb.com.ar\/index.php?rest_route=%2Fwp%2Fv2%2Fcategories&post=9713"},{"taxonomy":"post_tag","embeddable":true,"href":"https:\/\/www.visionweb.com.ar\/index.php?rest_route=%2Fwp%2Fv2%2Ftags&post=9713"}],"curies":[{"name":"wp","href":"https:\/\/api.w.org\/{rel}","templated":true}]}}