{"id":9707,"date":"2023-02-24T19:25:38","date_gmt":"2023-02-24T22:25:38","guid":{"rendered":"https:\/\/www.visionweb.com.ar\/?p=9707"},"modified":"2023-02-24T19:33:39","modified_gmt":"2023-02-24T22:33:39","slug":"rock-el-indio-solari-anuncio-su-retiro-de-los-escenarios","status":"publish","type":"post","link":"https:\/\/www.visionweb.com.ar\/?p=9707","title":{"rendered":"Rock: El Indio Solari anunci\u00f3 su retiro de los escenarios"},"content":{"rendered":"<p><strong><em>A la vez, aclar\u00f3 que continuar\u00e1 creando m\u00fasica para ser interpretada por otros: \u201cLo que m\u00e1s me gusta es hacer diez, doce canciones nuevas para que las cante la gente\u201d.<\/em><\/strong><!--more--><\/p>\n<p><strong><img loading=\"lazy\" decoding=\"async\" class=\"size-medium wp-image-9709 alignright\" src=\"https:\/\/www.visionweb.com.ar\/wp-content\/uploads\/2023\/02\/Indio-Solari-300x191.jpg\" alt=\"\" width=\"300\" height=\"191\" srcset=\"https:\/\/www.visionweb.com.ar\/wp-content\/uploads\/2023\/02\/Indio-Solari-300x191.jpg 300w, https:\/\/www.visionweb.com.ar\/wp-content\/uploads\/2023\/02\/Indio-Solari.bmp 369w\" sizes=\"auto, (max-width: 300px) 100vw, 300px\" \/>\u00a0 \u00a0E<\/strong>l exl\u00edder de Patricio Rey y sus Redonditos de Ricota,\u00a0<strong> El Indio Solari, anunci\u00f3 que a sus 74 a\u00f1os no volver\u00e1 a los escenarios,<\/strong><strong>\u00a0<\/strong>debido a que atraviesa la enfermedad del mal de Parkinson.<\/p>\n<p>\u201c<strong>Ya<\/strong>\u00a0<strong>no tengo ganas de seguir, de ser un artista que est\u00e1 peleando en el escenario<\/strong>. El Indio ya cumpli\u00f3 su tiempo, y el mister no tiene vocaci\u00f3n de directo, <strong>tiene ganas de hacer m\u00fasica y que la toque quien quiera<\/strong>\u201d, explic\u00f3 en declaraciones radiales.<\/p>\n<p>Solari sostuvo que\u00a0<strong>continuar\u00e1 creando m\u00fasica para ser interpretadas por otros<\/strong>: \u201cLo que m\u00e1s me gusta es hacer diez, doce canciones nuevas para que las cante la gente, y eso s\u00ed me costar\u00eda tener que dejarlo\u201d, explic\u00f3.<\/p>\n<p>\u201cMe parece que es hora de recular un poquito y\u00a0<strong>dedicarse a ser un consigliere, y dejar de molestar a los j\u00f3venes porque uno termina siendo un tap\u00f3n.<\/strong><strong>\u00a0<\/strong>Necesitan crecer y el tap\u00f3n este no da m\u00e1s\u201d, a\u00f1adi\u00f3 el ex l\u00edder de una banda, que mantiene miles de fieles seguidores con una m\u00edstica especial.<\/p>\n<p>El maravilloso bar\u00edtono, due\u00f1o de una de las voces m\u00e1s ic\u00f3nicas del rock nacional confes\u00f3 que\u00a0<strong>su decisi\u00f3n es por padecer la enfermedad de Parkinson y que ya la hab\u00eda tomado hace un tiempo atr\u00e1s<\/strong>, mientras que hab\u00eda dado algunas pistas de que <strong>el hist\u00f3rico show brindado en Olavarr\u00eda de 2017 se iba a convertir en el ep\u00edlogo de su carrera<\/strong> sobre los escenarios.<\/p>\n<p>\u201cEn este momento est\u00e1 entreabierta esa puerta<strong>, por mi enfermedad, m\u00e1s all\u00e1 de lo que te quiera contar. No quiero transformar esto en una cosa cr\u00edtica<\/strong>, no me permite estar en mi mejor versi\u00f3n.\u00a0<strong>Desgraciadamente para m\u00ed, el Parkinson va progresando, pero hay que presentarle batalla<\/strong>\u201d, explic\u00f3 en ese sentido.<\/p>\n<p>El m\u00fasico, por otra parte, aval\u00f3 el trabajo de su \u00faltima banda, <strong>Los Fundamentalistas del Aire Acondicionado<\/strong>, al se\u00f1alar que\u00a0<strong>\u201cest\u00e1n haciendo un muy buen directo, <\/strong><strong>es una banda que suena de puta madre y los quiero tanto <\/strong>que disfruto con ellos\u201d.<strong> (VW)<\/strong><\/p>\n<p>&nbsp;<\/p>\n<p>&nbsp;<\/p>\n","protected":false},"excerpt":{"rendered":"<p>A la vez, aclar\u00f3 que continuar\u00e1 creando m\u00fasica para ser interpretada por otros: \u201cLo que m\u00e1s me gusta es hacer diez, doce canciones nuevas para que las cante la gente\u201d.<\/p>\n","protected":false},"author":4,"featured_media":9709,"comment_status":"closed","ping_status":"closed","sticky":false,"template":"","format":"standard","meta":{"_monsterinsights_skip_tracking":false,"_monsterinsights_sitenote_active":false,"_monsterinsights_sitenote_note":"","_monsterinsights_sitenote_category":0,"footnotes":""},"categories":[8],"tags":[4043,4044,4045],"class_list":["post-9707","post","type-post","status-publish","format-standard","has-post-thumbnail","hentry","category-interes-general","tag-indio-solari","tag-redondos","tag-retiro-de-los-escenarios"],"_links":{"self":[{"href":"https:\/\/www.visionweb.com.ar\/index.php?rest_route=\/wp\/v2\/posts\/9707","targetHints":{"allow":["GET"]}}],"collection":[{"href":"https:\/\/www.visionweb.com.ar\/index.php?rest_route=\/wp\/v2\/posts"}],"about":[{"href":"https:\/\/www.visionweb.com.ar\/index.php?rest_route=\/wp\/v2\/types\/post"}],"author":[{"embeddable":true,"href":"https:\/\/www.visionweb.com.ar\/index.php?rest_route=\/wp\/v2\/users\/4"}],"replies":[{"embeddable":true,"href":"https:\/\/www.visionweb.com.ar\/index.php?rest_route=%2Fwp%2Fv2%2Fcomments&post=9707"}],"version-history":[{"count":4,"href":"https:\/\/www.visionweb.com.ar\/index.php?rest_route=\/wp\/v2\/posts\/9707\/revisions"}],"predecessor-version":[{"id":9712,"href":"https:\/\/www.visionweb.com.ar\/index.php?rest_route=\/wp\/v2\/posts\/9707\/revisions\/9712"}],"wp:featuredmedia":[{"embeddable":true,"href":"https:\/\/www.visionweb.com.ar\/index.php?rest_route=\/wp\/v2\/media\/9709"}],"wp:attachment":[{"href":"https:\/\/www.visionweb.com.ar\/index.php?rest_route=%2Fwp%2Fv2%2Fmedia&parent=9707"}],"wp:term":[{"taxonomy":"category","embeddable":true,"href":"https:\/\/www.visionweb.com.ar\/index.php?rest_route=%2Fwp%2Fv2%2Fcategories&post=9707"},{"taxonomy":"post_tag","embeddable":true,"href":"https:\/\/www.visionweb.com.ar\/index.php?rest_route=%2Fwp%2Fv2%2Ftags&post=9707"}],"curies":[{"name":"wp","href":"https:\/\/api.w.org\/{rel}","templated":true}]}}