{"id":9702,"date":"2023-02-24T18:17:57","date_gmt":"2023-02-24T21:17:57","guid":{"rendered":"https:\/\/www.visionweb.com.ar\/?p=9702"},"modified":"2023-02-24T18:17:57","modified_gmt":"2023-02-24T21:17:57","slug":"acumar-abrio-la-inscripcion-para-la-capacitacion-docente-sobre-la-cuenca","status":"publish","type":"post","link":"https:\/\/www.visionweb.com.ar\/?p=9702","title":{"rendered":"ACUMAR abri\u00f3 la inscripci\u00f3n para la capacitaci\u00f3n docente  sobre la Cuenca"},"content":{"rendered":"<p><strong><em>En el marco del programa \u201cEscuelas por la Cuenca\u201d, se abri\u00f3 la inscripci\u00f3n a un nuevo curso sobre Educaci\u00f3n Ambiental y la Cuenca Matanza Riachuelo.<\/em><\/strong><strong> <em>Durante 2022, se capacitaron m\u00e1s de 2000 docentes.<\/em><\/strong><!--more--><\/p>\n<p><strong>\u00a0\u00a0\u00a0\u00a0 <img loading=\"lazy\" decoding=\"async\" class=\"size-medium wp-image-9704 alignright\" src=\"https:\/\/www.visionweb.com.ar\/wp-content\/uploads\/2023\/02\/capacitacion-acumar-300x177.jpg\" alt=\"\" width=\"300\" height=\"177\" srcset=\"https:\/\/www.visionweb.com.ar\/wp-content\/uploads\/2023\/02\/capacitacion-acumar-300x177.jpg 300w, https:\/\/www.visionweb.com.ar\/wp-content\/uploads\/2023\/02\/capacitacion-acumar.bmp 331w\" sizes=\"auto, (max-width: 300px) 100vw, 300px\" \/>\u00a0\u00a0\u00a0\u00a0\u00a0\u00a0\u00a0\u00a0\u00a0 L<\/strong>a Autoridad de la Cuenca Matanza Riachuelo (ACUMAR) inform\u00f3 \u00a0que ya se encuentra disponible la inscripci\u00f3n a<strong> la capacitaci\u00f3n con puntaje: \u201cEducaci\u00f3n ambiental y La problem\u00e1tica ambiental en la Cuenca Matanza Riachuelo\u201d<\/strong>, a trav\u00e9s de la plataforma del Instituto Nacional de Formaci\u00f3n Docente (INFoD), <strong>orientada a estudiantes<\/strong> de Institutos Superiores de Formaci\u00f3n Docente (ISFD) y <strong>docentes de todos los niveles de los 14 municipios que conforman la Cuenca<\/strong> y la Ciudad de Buenos Aires (CABA).<\/p>\n<p>El curso se extender\u00e1 durante el 20 de marzo y el 22 de mayo, con cupos limitados. En 4 clases virtuales asincr\u00f3nicas se desarrollar\u00e1n diversos aspectos de relevancia para entender la <strong>problem\u00e1tica actual del ambiente en el territorio de la Cuenca Matanza Riachuelo y las acciones en materia de educaci\u00f3n ambiental<\/strong> que se llevan adelante desde\u00a0ACUMAR.<\/p>\n<p>Las personas interesadas en participar deber\u00e1n <strong>inscribirse, antes del 10 de marzo <\/strong>y\/o antes que se agote el cupo, en\u00a0<a href=\"https:\/\/acumar.tr.pemsv04.net\/c\/eyJhIjoiYWN1bWFyIiwibSI6Im1haWxfY2xlaXNwOGdnOGRyODA5NTVidGdvOXplcyIsImwiOiJsaW5rX2U5OTkwZWM2NDI4NjcwOTg5NmFhOGFjYmM0N2MyYjJmODc3MDBlYWIiLCJpIjpbXSwidSI6Imh0dHBzOi8vaW5mb2QuZWR1Y2FjaW9uLmdvYi5hci9jdXJzb3MvMTM4MyIsImMiOiIiLCJoIjoiYzFiMGVkIn0\">https:\/\/infod.educacion.gob.ar\/cursos\/1383<\/a>.<\/p>\n<p>En esa l\u00ednea, el presidente del organismo, Mart\u00edn Sabbatella expres\u00f3: \u201cDesde\u00a0ACUMAR<strong>\u00a0<\/strong>consideramos que el trabajo que viene sosteniendo durante todos estos a\u00f1os la comunidad educativa resulta un aporte fundamental para avanzar en la recuperaci\u00f3n de la Cuenca. A trav\u00e9s de estas <strong>capacitaciones con puntaje buscamos acompa\u00f1ar y poner en valor la tarea y el rol docente brindando conceptos y herramientas con perspectiva de educaci\u00f3n ambiental<\/strong> que les permitan abordar en las aulas la situaci\u00f3n de sus barrios y elaborar proyectos e iniciativas de mejora\u201d, indic\u00f3 Prensa de ACUMAR.<\/p>\n<p><a href=\"https:\/\/www.visionweb.com.ar\/wp-content\/uploads\/2023\/02\/acumar-capacitac-docente.bmp\"><img loading=\"lazy\" decoding=\"async\" class=\"size-medium wp-image-9705 alignleft\" src=\"https:\/\/www.visionweb.com.ar\/wp-content\/uploads\/2023\/02\/acumar-capacitac-docente-300x174.jpg\" alt=\"\" width=\"300\" height=\"174\" srcset=\"https:\/\/www.visionweb.com.ar\/wp-content\/uploads\/2023\/02\/acumar-capacitac-docente-300x174.jpg 300w, https:\/\/www.visionweb.com.ar\/wp-content\/uploads\/2023\/02\/acumar-capacitac-docente.bmp 391w\" sizes=\"auto, (max-width: 300px) 100vw, 300px\" \/><\/a>Estas acciones est\u00e1n enmarcadas en el programa\u00a0<a href=\"https:\/\/acumar.tr.pemsv04.net\/c\/eyJhIjoiYWN1bWFyIiwibSI6Im1haWxfY2xlaXNwOGdnOGRyODA5NTVidGdvOXplcyIsImwiOiJsaW5rXzhkNTk1ODAwYjNiMDMxOWMwNWRmODdiZTExZTBjZDZjYjU4NGJiOTciLCJpIjpbXSwidSI6Imh0dHBzOi8vd3d3LmFjdW1hci5nb2IuYXIvZWR1Y2FjaW9uLWFtYmllbnRhbC9lc2N1ZWxhcy1wb3ItbGEtY3VlbmNhLyIsImMiOiIiLCJoIjoiZTc0NjJlIn0\">Escuelas por la Cuenca<\/a>\u00a0que lleva adelante el organismo con el objetivo de promover y fortalecer el compromiso de las instituciones educativas con la tem\u00e1tica ambiental vinculada al territorio, acompa\u00f1ando los proyectos educativos existentes e incentivando a quienes deseen incursionar en el tema.<\/p>\n<p>Durante <strong>2022, se capacitaron m\u00e1s de 2000 docentes<\/strong> en articulaci\u00f3n con los gobiernos locales, jefaturas distritales, institutos de formaci\u00f3n docente y el gremio SUTEBA. <strong>(VW)<\/strong><\/p>\n<p>&nbsp;<\/p>\n","protected":false},"excerpt":{"rendered":"<p>En el marco del programa \u201cEscuelas por la Cuenca\u201d, se abri\u00f3 la inscripci\u00f3n a un nuevo curso sobre Educaci\u00f3n Ambiental y la Cuenca Matanza Riachuelo. Durante 2022, se capacitaron m\u00e1s de 2000 docentes.<\/p>\n","protected":false},"author":4,"featured_media":9705,"comment_status":"closed","ping_status":"closed","sticky":false,"template":"","format":"standard","meta":{"_monsterinsights_skip_tracking":false,"_monsterinsights_sitenote_active":false,"_monsterinsights_sitenote_note":"","_monsterinsights_sitenote_category":0,"footnotes":""},"categories":[7],"tags":[442,4041,4042,2305],"class_list":["post-9702","post","type-post","status-publish","format-standard","has-post-thumbnail","hentry","category-educacion-y-cultura","tag-acumar","tag-capacitacion-a-docentes","tag-inscripciones-a-cursos","tag-sabbatella"],"_links":{"self":[{"href":"https:\/\/www.visionweb.com.ar\/index.php?rest_route=\/wp\/v2\/posts\/9702","targetHints":{"allow":["GET"]}}],"collection":[{"href":"https:\/\/www.visionweb.com.ar\/index.php?rest_route=\/wp\/v2\/posts"}],"about":[{"href":"https:\/\/www.visionweb.com.ar\/index.php?rest_route=\/wp\/v2\/types\/post"}],"author":[{"embeddable":true,"href":"https:\/\/www.visionweb.com.ar\/index.php?rest_route=\/wp\/v2\/users\/4"}],"replies":[{"embeddable":true,"href":"https:\/\/www.visionweb.com.ar\/index.php?rest_route=%2Fwp%2Fv2%2Fcomments&post=9702"}],"version-history":[{"count":2,"href":"https:\/\/www.visionweb.com.ar\/index.php?rest_route=\/wp\/v2\/posts\/9702\/revisions"}],"predecessor-version":[{"id":9706,"href":"https:\/\/www.visionweb.com.ar\/index.php?rest_route=\/wp\/v2\/posts\/9702\/revisions\/9706"}],"wp:featuredmedia":[{"embeddable":true,"href":"https:\/\/www.visionweb.com.ar\/index.php?rest_route=\/wp\/v2\/media\/9705"}],"wp:attachment":[{"href":"https:\/\/www.visionweb.com.ar\/index.php?rest_route=%2Fwp%2Fv2%2Fmedia&parent=9702"}],"wp:term":[{"taxonomy":"category","embeddable":true,"href":"https:\/\/www.visionweb.com.ar\/index.php?rest_route=%2Fwp%2Fv2%2Fcategories&post=9702"},{"taxonomy":"post_tag","embeddable":true,"href":"https:\/\/www.visionweb.com.ar\/index.php?rest_route=%2Fwp%2Fv2%2Ftags&post=9702"}],"curies":[{"name":"wp","href":"https:\/\/api.w.org\/{rel}","templated":true}]}}