{"id":9692,"date":"2023-02-23T12:21:54","date_gmt":"2023-02-23T15:21:54","guid":{"rendered":"https:\/\/www.visionweb.com.ar\/?p=9692"},"modified":"2023-02-23T12:21:54","modified_gmt":"2023-02-23T15:21:54","slug":"cristian-ritondo-en-campana-por-almirante-brown","status":"publish","type":"post","link":"https:\/\/www.visionweb.com.ar\/?p=9692","title":{"rendered":"Cristian Ritondo en campa\u00f1a por Almirante Brown"},"content":{"rendered":"<p><em><strong>\u201cLa inseguridad, junto a la inflaci\u00f3n y la inquietante crisis econ\u00f3mica, hoy son un tema prioritario\u201d, dijo Ritondo.<\/strong><strong>\u00a0<\/strong><\/em><!--more--><\/p>\n<div id=\"attachment_9694\" style=\"width: 310px\" class=\"wp-caption alignright\"><img loading=\"lazy\" decoding=\"async\" aria-describedby=\"caption-attachment-9694\" class=\"wp-image-9694 size-medium\" src=\"https:\/\/www.visionweb.com.ar\/wp-content\/uploads\/2023\/02\/Ritondo-twiter1-300x183.jpg\" alt=\"\" width=\"300\" height=\"183\" srcset=\"https:\/\/www.visionweb.com.ar\/wp-content\/uploads\/2023\/02\/Ritondo-twiter1-300x183.jpg 300w, https:\/\/www.visionweb.com.ar\/wp-content\/uploads\/2023\/02\/Ritondo-twiter1.bmp 360w\" sizes=\"auto, (max-width: 300px) 100vw, 300px\" \/><p id=\"caption-attachment-9694\" class=\"wp-caption-text\">Foto Twitter Ritondo<\/p><\/div>\n<p><strong>E<\/strong>l diputado nacional del PRO Cristian Ritondo, <strong>recorri\u00f3 el centro comercial de Adrogu\u00e9<\/strong><strong>,<\/strong> convers\u00f3 con vecinos castigados por la inseguridad en ese distrito, y reafirm\u00f3 su precandidatura a gobernador bonaerense de cara a los comicios de 2023.<\/p>\n<p>Durante un encuentro con vecinos, Ritondo apunt\u00f3 contra la inflaci\u00f3n y la inseguridad: \u201cTanto la Argentina como la provincia de Buenos Aires tienen <strong>m\u00faltiples desaf\u00edos, pero la inseguridad, junto a la inflaci\u00f3n y la inquietante crisis econ\u00f3mica, hoy son un tema prioritario<\/strong><strong>\u00a0<\/strong>para la gente, no podemos demorarnos\u201d.<\/p>\n<p>Y agreg\u00f3: \u201cNecesitamos\u00a0<strong>recuperar el orden en el espacio p\u00fablico y en el desarrollo de una agenda que permita hacer frente tanto a los desaf\u00edos de seguridad<\/strong><strong>\u00a0<\/strong>a nivel nacional como a nivel municipal\u201d, declar\u00f3 el exministro de seguridad durante la gesti\u00f3n de Mar\u00eda Eugenia Vidal al frente de la Provincia<\/p>\n<p>Ritondo, acompa\u00f1ado por\u00a0<strong>la diputada nacional Camila Crescimbeni<\/strong><strong>\u00a0<\/strong>en el local partidario, conversaron acerca de la problem\u00e1tica inflacionaria; junto a los legisladores provinciales Walter Lanaro y Florencia Retamoso, y el consejero escolar local Federico Fuentes.<\/p>\n<p>Del evento tambi\u00e9n participaron\u00a0<strong>referentes de ese espacio como Mabel Piriz<\/strong>, Ricardo Maero, y Gabriel Dorrego.<\/p>\n<p>\u201cNosotros\u00a0<strong>estamos preparados, tenemos la experiencia y el valor que hacen falta<\/strong>\u00a0para hacerlo\u201d, finaliz\u00f3 el diputado del PRO.<strong> (VW)<\/strong><\/p>\n<p>&nbsp;<\/p>\n","protected":false},"excerpt":{"rendered":"<p>\u201cLa inseguridad, junto a la inflaci\u00f3n y la inquietante crisis econ\u00f3mica, hoy son un tema prioritario\u201d, dijo Ritondo.\u00a0<\/p>\n","protected":false},"author":4,"featured_media":9694,"comment_status":"closed","ping_status":"closed","sticky":false,"template":"","format":"standard","meta":{"_monsterinsights_skip_tracking":false,"_monsterinsights_sitenote_active":false,"_monsterinsights_sitenote_note":"","_monsterinsights_sitenote_category":0,"footnotes":""},"categories":[4],"tags":[1506,4038,3253,4039],"class_list":["post-9692","post","type-post","status-publish","format-standard","has-post-thumbnail","hentry","category-politica","tag-adrogue","tag-campana-en-almirante-brown","tag-cristian-ritondo","tag-precandidato-a-gobernsdor"],"_links":{"self":[{"href":"https:\/\/www.visionweb.com.ar\/index.php?rest_route=\/wp\/v2\/posts\/9692","targetHints":{"allow":["GET"]}}],"collection":[{"href":"https:\/\/www.visionweb.com.ar\/index.php?rest_route=\/wp\/v2\/posts"}],"about":[{"href":"https:\/\/www.visionweb.com.ar\/index.php?rest_route=\/wp\/v2\/types\/post"}],"author":[{"embeddable":true,"href":"https:\/\/www.visionweb.com.ar\/index.php?rest_route=\/wp\/v2\/users\/4"}],"replies":[{"embeddable":true,"href":"https:\/\/www.visionweb.com.ar\/index.php?rest_route=%2Fwp%2Fv2%2Fcomments&post=9692"}],"version-history":[{"count":2,"href":"https:\/\/www.visionweb.com.ar\/index.php?rest_route=\/wp\/v2\/posts\/9692\/revisions"}],"predecessor-version":[{"id":9695,"href":"https:\/\/www.visionweb.com.ar\/index.php?rest_route=\/wp\/v2\/posts\/9692\/revisions\/9695"}],"wp:featuredmedia":[{"embeddable":true,"href":"https:\/\/www.visionweb.com.ar\/index.php?rest_route=\/wp\/v2\/media\/9694"}],"wp:attachment":[{"href":"https:\/\/www.visionweb.com.ar\/index.php?rest_route=%2Fwp%2Fv2%2Fmedia&parent=9692"}],"wp:term":[{"taxonomy":"category","embeddable":true,"href":"https:\/\/www.visionweb.com.ar\/index.php?rest_route=%2Fwp%2Fv2%2Fcategories&post=9692"},{"taxonomy":"post_tag","embeddable":true,"href":"https:\/\/www.visionweb.com.ar\/index.php?rest_route=%2Fwp%2Fv2%2Ftags&post=9692"}],"curies":[{"name":"wp","href":"https:\/\/api.w.org\/{rel}","templated":true}]}}