{"id":9688,"date":"2023-02-23T11:56:14","date_gmt":"2023-02-23T14:56:14","guid":{"rendered":"https:\/\/www.visionweb.com.ar\/?p=9688"},"modified":"2023-02-23T11:56:14","modified_gmt":"2023-02-23T14:56:14","slug":"rodriguez-larreta-se-lanzo-como-precandidato-a-presidente","status":"publish","type":"post","link":"https:\/\/www.visionweb.com.ar\/?p=9688","title":{"rendered":"Rodr\u00edguez Larreta se lanz\u00f3 como precandidato a presidente"},"content":{"rendered":"<p><strong><em>Fue a trav\u00e9s de las redes sociales con el <\/em><\/strong><strong><em>hashtag \u201c#Hora2023\u2033:<\/em><\/strong><strong><em>\u00a0<\/em><\/strong><strong><em>\u201cEs hora de animarnos a transformar el pa\u00eds para siempre\u201d, escribi\u00f3. Esta noche hablar\u00e1 con los medios.<\/em><\/strong><!--more--><\/p>\n<p><strong><img loading=\"lazy\" decoding=\"async\" class=\"size-medium wp-image-9690 alignright\" src=\"https:\/\/www.visionweb.com.ar\/wp-content\/uploads\/2023\/02\/larreta-300x168.jpg\" alt=\"\" width=\"300\" height=\"168\" srcset=\"https:\/\/www.visionweb.com.ar\/wp-content\/uploads\/2023\/02\/larreta-300x168.jpg 300w, https:\/\/www.visionweb.com.ar\/wp-content\/uploads\/2023\/02\/larreta.bmp 734w\" sizes=\"auto, (max-width: 300px) 100vw, 300px\" \/>E<\/strong>l jefe de Gobierno de la Ciudad de Buenos Aires, Horacio Rodr\u00edguez Larreta, inici\u00f3 el\u00a0<strong>lanzamiento de su precandidatura presidencial<\/strong><strong>\u00a0<\/strong>a trav\u00e9s de las redes sociales, con un tuit en el que incluy\u00f3 el\u00a0<strong>hashtag \u201c#Hora2023\u2033<\/strong>.<\/p>\n<p>\u201cEs hora de animarnos a transformar el pa\u00eds para siempre\u201d, public\u00f3 Larreta en su cuenta de Twitter.<\/p>\n<p>Esta presentaci\u00f3n fue el primero de los\u00a0<strong>tres pasos que tendr\u00e1 el lanzamiento del jefe de Gobierno porte\u00f1o<\/strong>\u00a0que se formalizar\u00e1 este jueves al mediod\u00eda cuando\u00a0<strong>publicar\u00e1 un video en el que mantendr\u00e1 el discurso \u201cantigrieta\u201d<\/strong>, realizar\u00e1 un diagn\u00f3stico de la situaci\u00f3n de la situaci\u00f3n actual y el delicado contexto econ\u00f3mico.<\/p>\n<p>Tras contar\u00a0<strong>c\u00f3mo se prepar\u00f3 para ser candidato a presidente<\/strong>, confirmar\u00e1 p\u00fablicamente que va por la primera magistratura.<\/p>\n<p>El\u00a0<strong>tercer paso<\/strong><strong>\u00a0<\/strong>del operativo que planific\u00f3 el equipo del jefe de gobierno porte\u00f1o tendr\u00e1 lugar entre el\u00a0<strong>jueves por la noche<\/strong><strong>\u00a0<\/strong>y los siguientes d\u00edas, cuando Rodr\u00edguez Larreta\u00a0<strong>tome contacto con los medios<\/strong>.<\/p>\n<p>Luego del anuncio,\u00a0<strong>Larreta planea continuar con su agenda repartida entre la gesti\u00f3n porte\u00f1a, las recorridas por la provincia de Buenos Aires y las visitas al interior del pa\u00eds<\/strong>.<\/p>\n<p>El \u00faltimo fin de semana se mostr\u00f3 con Gerardo Morales en Jujuy, Luis Juez y Rodrigo De Loredo en C\u00f3rdoba, y con Rogelio Frigerio en Entre R\u00edos.<\/p>\n<p>La semana pr\u00f3xima, el mandatario porte\u00f1o\u00a0<strong>viajar\u00eda a Mendoza, para la Vendimia. En la provincia que gobierna la UCR, el principal referente del PRO local, el larretista Omar De Marchi, a<\/strong>delant\u00f3 que competir\u00eda por fuera de la versi\u00f3n local de Juntos por el Cambio, y entr\u00f3 en disputa con el radicalismo, encabezado por Alfredo Cornejo, que tiene el respaldo de Patricia Bullrich.<\/p>\n<p>La estrategia en redes que utiliz\u00f3 Larreta a trav\u00e9s de redes sociales\u00a0<strong>es similar a las que utilizaron Diego Santilli y Fern\u00e1n Quir\u00f3s en los lanzamientos de sus candidaturas<\/strong><strong>\u00a0<\/strong>a Gobernador de la provincia de Buenos Aires y a Jefe de Gobierno de la Ciudad, respectivamente.<\/p>\n<p>En este caso, Larreta public\u00f3 en su cuenta de Twitter una\u00a0<strong>foto de la ruta 40<\/strong>, que une la Argentina de sur a norte. La imagen es en la localidad de\u00a0<strong>Cabo V\u00edrgenes a 133 kil\u00f3metros de R\u00edo Gallegos<\/strong>, Santa Cruz. <strong>(VW)<\/strong><\/p>\n<p>&nbsp;<\/p>\n","protected":false},"excerpt":{"rendered":"<p>Fue a trav\u00e9s de las redes sociales con el hashtag \u201c#Hora2023\u2033:\u00a0\u201cEs hora de animarnos a transformar el pa\u00eds para siempre\u201d, escribi\u00f3. Esta noche hablar\u00e1 con los medios.<\/p>\n","protected":false},"author":4,"featured_media":9690,"comment_status":"closed","ping_status":"closed","sticky":false,"template":"","format":"standard","meta":{"_monsterinsights_skip_tracking":false,"_monsterinsights_sitenote_active":false,"_monsterinsights_sitenote_note":"","_monsterinsights_sitenote_category":0,"footnotes":""},"categories":[4],"tags":[4037,4036,1073],"class_list":["post-9688","post","type-post","status-publish","format-standard","has-post-thumbnail","hentry","category-politica","tag-hora2023","tag-precandidato-a-presidente","tag-rodriguez-larreta"],"_links":{"self":[{"href":"https:\/\/www.visionweb.com.ar\/index.php?rest_route=\/wp\/v2\/posts\/9688","targetHints":{"allow":["GET"]}}],"collection":[{"href":"https:\/\/www.visionweb.com.ar\/index.php?rest_route=\/wp\/v2\/posts"}],"about":[{"href":"https:\/\/www.visionweb.com.ar\/index.php?rest_route=\/wp\/v2\/types\/post"}],"author":[{"embeddable":true,"href":"https:\/\/www.visionweb.com.ar\/index.php?rest_route=\/wp\/v2\/users\/4"}],"replies":[{"embeddable":true,"href":"https:\/\/www.visionweb.com.ar\/index.php?rest_route=%2Fwp%2Fv2%2Fcomments&post=9688"}],"version-history":[{"count":2,"href":"https:\/\/www.visionweb.com.ar\/index.php?rest_route=\/wp\/v2\/posts\/9688\/revisions"}],"predecessor-version":[{"id":9691,"href":"https:\/\/www.visionweb.com.ar\/index.php?rest_route=\/wp\/v2\/posts\/9688\/revisions\/9691"}],"wp:featuredmedia":[{"embeddable":true,"href":"https:\/\/www.visionweb.com.ar\/index.php?rest_route=\/wp\/v2\/media\/9690"}],"wp:attachment":[{"href":"https:\/\/www.visionweb.com.ar\/index.php?rest_route=%2Fwp%2Fv2%2Fmedia&parent=9688"}],"wp:term":[{"taxonomy":"category","embeddable":true,"href":"https:\/\/www.visionweb.com.ar\/index.php?rest_route=%2Fwp%2Fv2%2Fcategories&post=9688"},{"taxonomy":"post_tag","embeddable":true,"href":"https:\/\/www.visionweb.com.ar\/index.php?rest_route=%2Fwp%2Fv2%2Ftags&post=9688"}],"curies":[{"name":"wp","href":"https:\/\/api.w.org\/{rel}","templated":true}]}}