{"id":9684,"date":"2023-02-23T11:28:59","date_gmt":"2023-02-23T14:28:59","guid":{"rendered":"https:\/\/www.visionweb.com.ar\/?p=9684"},"modified":"2023-02-23T11:28:59","modified_gmt":"2023-02-23T14:28:59","slug":"senado-hubo-fractura-en-el-bloque-oficialista","status":"publish","type":"post","link":"https:\/\/www.visionweb.com.ar\/?p=9684","title":{"rendered":"Senado: Hubo fractura en el bloque oficialista"},"content":{"rendered":"<p><strong><em>Unidad Federal ser\u00e1 el nuevo espacio que busca enfocar \u201cla pobreza y el hambre que castigan a nuestros pueblos\u201d; \u00a0\u201cla protecci\u00f3n del ambiente la salud; la educaci\u00f3n; las infancias\u201d, entre otros puntos.<\/em><\/strong><!--more--><\/p>\n<div id=\"attachment_9686\" style=\"width: 310px\" class=\"wp-caption alignright\"><img loading=\"lazy\" decoding=\"async\" aria-describedby=\"caption-attachment-9686\" class=\"wp-image-9686 size-medium\" src=\"https:\/\/www.visionweb.com.ar\/wp-content\/uploads\/2023\/02\/senado-formaran-Unidad-Federal-300x204.jpg\" alt=\"\" width=\"300\" height=\"204\" srcset=\"https:\/\/www.visionweb.com.ar\/wp-content\/uploads\/2023\/02\/senado-formaran-Unidad-Federal-300x204.jpg 300w, https:\/\/www.visionweb.com.ar\/wp-content\/uploads\/2023\/02\/senado-formaran-Unidad-Federal.bmp 368w\" sizes=\"auto, (max-width: 300px) 100vw, 300px\" \/><p id=\"caption-attachment-9686\" class=\"wp-caption-text\">El nuevo espacio se llamar\u00e1 Unidad Federal.<\/p><\/div>\n<p><strong>E<\/strong>l bloque del <strong>Frente de Todos en el Senado<\/strong> <strong>se\u00a0<\/strong><strong>fractur\u00f3 con la decisi\u00f3n de<\/strong><strong> cuatro legisladores de abandonar el espacio oficialista para formar un nuevo bloque con la senadora Alejandra Vigo, <\/strong><strong>esposa del gobernador Juan Schiaretti<\/strong>.<\/p>\n<p>El nuevo espacio, que se llamar\u00e1\u00a0<strong>Unidad Federal<\/strong>, estar\u00e1 integrado por Edgardo Kueider, Carlos \u201cCamau\u201d Esp\u00ednola, Guillermo Snopek, Eugenia Catalfamo y Alejandra Vigo.<\/p>\n<p>Con este alejamiento, la bancada oficialista de la c\u00e1mara que preside la vicepresidenta Cristina Kirchner\u00a0<strong>tendr\u00e1 mayores dificultades para conseguir el qu\u00f3rum de 37 senadores nacionales.<\/strong><\/p>\n<p>La noticia se conoci\u00f3 ayer,\u00a0<strong>a menos de 24 horas que el Senado retome la actividad<\/strong>, aunque no estar\u00e1 presente la vicepresidente, en el marco de la sesi\u00f3n denominada \u201cpreparatoria\u201d en la que se designan las autoridades de la C\u00e1mara Alta y se establecen los d\u00edas y horarios de las sesiones para este a\u00f1o.<\/p>\n<p><strong>Los motivos:<\/strong> Los senadores los enunciaron un comunicado conjunto: \u201cEl Bloque Unidad Federal viene a plantear la necesidad de\u00a0<strong>crear un espacio pol\u00edtico que le d\u00e9 verdadera representaci\u00f3n a la agenda federal<\/strong><strong>\u00a0<\/strong>y de las provincias argentinas\u201d, se\u00f1alaron.<\/p>\n<p>Y argumentaron: \u201cBuscamos ser una alternativa desde donde se priorice la posibilidad de\u00a0<strong>aportar a la reflexi\u00f3n sobre la Argentina que queremos para nosotros y las futuras generaciones, sin grietas<\/strong>, con discusiones que planeen soluciones a corto, mediano y largo plazo para todos los argentinos y argentinas\u201d.<\/p>\n<p>\u201cApostamos a la unidad, al respeto y al di\u00e1logo\u00a0<strong>en pos de encontrar puntos en com\u00fan<\/strong>, dejando de lado las ret\u00f3ricas petrificadas y los personalismos que tanto da\u00f1o nos han hecho como sociedad\u201d, agregaron.<\/p>\n<p>Adem\u00e1s, los senadores destacaron: \u201cEl actual contexto social, econ\u00f3mico y pol\u00edtico que atravesamos genera nuevas realidades y demandas. Por ello, tenemos la responsabilidad de debatir, trabajar y pensar nuevas estrategias y legislar en\u00a0<strong>un espacio que aporte una mirada verdaderamente federal<\/strong><strong>\u00a0<\/strong>poniendo el foco en las problem\u00e1ticas diarias que atraviesan nuestras provincias; entre ellas <strong>la pobreza y el hambre que castigan a nuestros pueblos<\/strong>\u201d.<\/p>\n<p><strong>El compromiso:<\/strong> \u201cDesde este nuevo espacio nos comprometemos a seguir <strong>defendiendo y ampliando los derechos de las juventudes, las mujeres y las diversidades;<\/strong><strong>\u00a0<\/strong>la protecci\u00f3n del ambiente la salud; la educaci\u00f3n; las infancias; la Soberan\u00eda Pol\u00edtica; la independencia Econ\u00f3mica y Justicia Social que siempre nos han caracterizado\u201d, puntualizaron.<\/p>\n<p>En ese sentido, los senadores anticiparon que tambi\u00e9n buscar\u00e1n que \u201cse generen\u00a0<strong>debates en torno a la matriz energ\u00e9tica argentina,<\/strong><strong>\u00a0<\/strong>al desarrollo de la producci\u00f3n y de las nuevas industrias\u201d.<\/p>\n<p>En el final del extenso escrito, resumieron: \u201cEl Bloque Unidad Federal viene a plantear\u00a0<strong>la necesidad de crear un espacio pol\u00edtico que le de verdadera representaci\u00f3n a la agenda federal<\/strong><strong>\u00a0<\/strong>y de las provincias argentinas\u201d. <strong>(VW)<\/strong><\/p>\n<p>&nbsp;<\/p>\n","protected":false},"excerpt":{"rendered":"<p>Unidad Federal ser\u00e1 el nuevo espacio que busca enfocar \u201cla pobreza y el hambre que castigan a nuestros pueblos\u201d; \u00a0\u201cla protecci\u00f3n del ambiente la salud; la educaci\u00f3n; las infancias\u201d, entre otros puntos.<\/p>\n","protected":false},"author":4,"featured_media":9686,"comment_status":"closed","ping_status":"closed","sticky":false,"template":"","format":"standard","meta":{"_monsterinsights_skip_tracking":false,"_monsterinsights_sitenote_active":false,"_monsterinsights_sitenote_note":"","_monsterinsights_sitenote_category":0,"footnotes":""},"categories":[4],"tags":[4035,4034,468],"class_list":["post-9684","post","type-post","status-publish","format-standard","has-post-thumbnail","hentry","category-politica","tag-fractura","tag-nuevo-espacio-unidad-feferal","tag-senado"],"_links":{"self":[{"href":"https:\/\/www.visionweb.com.ar\/index.php?rest_route=\/wp\/v2\/posts\/9684","targetHints":{"allow":["GET"]}}],"collection":[{"href":"https:\/\/www.visionweb.com.ar\/index.php?rest_route=\/wp\/v2\/posts"}],"about":[{"href":"https:\/\/www.visionweb.com.ar\/index.php?rest_route=\/wp\/v2\/types\/post"}],"author":[{"embeddable":true,"href":"https:\/\/www.visionweb.com.ar\/index.php?rest_route=\/wp\/v2\/users\/4"}],"replies":[{"embeddable":true,"href":"https:\/\/www.visionweb.com.ar\/index.php?rest_route=%2Fwp%2Fv2%2Fcomments&post=9684"}],"version-history":[{"count":2,"href":"https:\/\/www.visionweb.com.ar\/index.php?rest_route=\/wp\/v2\/posts\/9684\/revisions"}],"predecessor-version":[{"id":9687,"href":"https:\/\/www.visionweb.com.ar\/index.php?rest_route=\/wp\/v2\/posts\/9684\/revisions\/9687"}],"wp:featuredmedia":[{"embeddable":true,"href":"https:\/\/www.visionweb.com.ar\/index.php?rest_route=\/wp\/v2\/media\/9686"}],"wp:attachment":[{"href":"https:\/\/www.visionweb.com.ar\/index.php?rest_route=%2Fwp%2Fv2%2Fmedia&parent=9684"}],"wp:term":[{"taxonomy":"category","embeddable":true,"href":"https:\/\/www.visionweb.com.ar\/index.php?rest_route=%2Fwp%2Fv2%2Fcategories&post=9684"},{"taxonomy":"post_tag","embeddable":true,"href":"https:\/\/www.visionweb.com.ar\/index.php?rest_route=%2Fwp%2Fv2%2Ftags&post=9684"}],"curies":[{"name":"wp","href":"https:\/\/api.w.org\/{rel}","templated":true}]}}