{"id":9663,"date":"2023-02-22T14:42:16","date_gmt":"2023-02-22T17:42:16","guid":{"rendered":"https:\/\/www.visionweb.com.ar\/?p=9663"},"modified":"2023-02-22T14:44:13","modified_gmt":"2023-02-22T17:44:13","slug":"cafiero-y-rossi-apoyan-la-candidatura-de-alberto-fernandez","status":"publish","type":"post","link":"https:\/\/www.visionweb.com.ar\/?p=9663","title":{"rendered":"Cafiero y Rossi apoyan la candidatura de Alberto Fern\u00e1ndez"},"content":{"rendered":"<p><strong><em>Ven el medio vaso lleno: El Canciller dijo que Alberto es\u00a0\u201cel mejor candidato que tiene el peronismo\u201d<\/em><\/strong><em> <strong>y el jefe de Gabinete indic\u00f3 que el Jefe de Estado est\u00e1 \u201cen condiciones y tiene derecho de presentarse\u201d para un nuevo mandato.<\/strong><\/em><!--more--><\/p>\n<p><strong> <img loading=\"lazy\" decoding=\"async\" class=\"size-medium wp-image-9665 alignright\" src=\"https:\/\/www.visionweb.com.ar\/wp-content\/uploads\/2023\/02\/cafiero-alberto-300x169.jpg\" alt=\"\" width=\"300\" height=\"169\" srcset=\"https:\/\/www.visionweb.com.ar\/wp-content\/uploads\/2023\/02\/cafiero-alberto-300x169.jpg 300w, https:\/\/www.visionweb.com.ar\/wp-content\/uploads\/2023\/02\/cafiero-alberto.bmp 380w\" sizes=\"auto, (max-width: 300px) 100vw, 300px\" \/>\u00a0\u00a0 E<\/strong>l canciller Santiago Cafiero ratific\u00f3 hoy que\u00a0<strong>\u201cel mejor candidato que tiene el peronismo\u201d para las elecciones de este a\u00f1o es el presidente Alberto Fern\u00e1ndez,<\/strong><strong>\u00a0<\/strong>mientras que Rossi <strong>consider\u00f3<\/strong><strong> que \u201cno es razonable\u201d pedirle al presidente Alberto Fern\u00e1ndez que no se presente a la reelecci\u00f3n<\/strong>.<\/p>\n<p>Cafiero aclar\u00f3 que dentro del Frente de Todos (FDT) \u201chay matices, no diferencias\u201d. Tambi\u00e9n compar\u00f3: \u201cEn Juntos por el Cambio \u201cse debate quien acelera m\u00e1s para quitar derechos a la ciudadan\u00eda\u201d.<\/p>\n<p>\u201c<strong>El mejor candidato que tiene el peronismo es Alberto<\/strong>\u201d, insisti\u00f3 hoy Cafiero en declaraciones radiales, en las que destac\u00f3 que el Presidente\u00a0<strong>\u201cha edificado una pol\u00edtica de producci\u00f3n y empleo, abandon\u00f3 la pol\u00edtica de especulaci\u00f3n, y hoy hay crecimiento del empleo\u201d.<\/strong><\/p>\n<p>Cafiero destac\u00f3 que la reuni\u00f3n de la mesa nacional del FDT de la semana pasada fue \u201cconstructiva\u201d y aclar\u00f3 que ning\u00fan dirigente concurri\u00f3 con \u201c\u00e1nimo de <strong>alimentar una discusi\u00f3n interna, que parece insalvable en los titulares de los medios<\/strong>, pero <strong>cuando nos juntamos tenemos un di\u00e1logo fluido\u201d.<\/strong><\/p>\n<p>Finalmente, insisti\u00f3 en la necesidad de que los candidatos se diriman en el marco de la primaria abierta, simult\u00e1nea y obligatoria (PASO).<\/p>\n<p>\u201cVemos con mucha preocupaci\u00f3n como las derechas con visos antidemocr\u00e1ticos y violentos se est\u00e1n consolidando. Hay que vencer esas derechas a partir de la participaci\u00f3n de los ciudadanos, y las PASO son el mejor mecanismo para eso\u201d, concluy\u00f3. (Con informaci\u00f3n de T\u00e9lam).<\/p>\n<p><strong><a href=\"https:\/\/www.visionweb.com.ar\/wp-content\/uploads\/2023\/02\/Rossi-y-alberto.bmp\"><img loading=\"lazy\" decoding=\"async\" class=\"size-medium wp-image-9666 alignleft\" src=\"https:\/\/www.visionweb.com.ar\/wp-content\/uploads\/2023\/02\/Rossi-y-alberto-300x198.jpg\" alt=\"\" width=\"300\" height=\"198\" srcset=\"https:\/\/www.visionweb.com.ar\/wp-content\/uploads\/2023\/02\/Rossi-y-alberto-300x198.jpg 300w, https:\/\/www.visionweb.com.ar\/wp-content\/uploads\/2023\/02\/Rossi-y-alberto.bmp 378w\" sizes=\"auto, (max-width: 300px) 100vw, 300px\" \/><\/a>Por su parte<\/strong>, el<strong> jefe <\/strong><strong>de Gabinete<\/strong> <strong>Agust\u00edn Rossi, <\/strong>dijo ayer que <strong>el jefe de Estado y titular del PJ est\u00e1 \u201cen condiciones y tiene derecho de presentarse\u201d para un nuevo mandato<\/strong>.<\/p>\n<p>As\u00ed, consider\u00f3 que: <strong>\u201cNo es razonable que le pidan al Presidente que no se presente a la reelecci\u00f3n.<\/strong> Tiene derecho pol\u00edtico y constitucional a ser candidato.<strong>\u00a0<\/strong><strong>Est\u00e1 en condiciones y est\u00e1 haciendo un enorme esfuerzo para gestionar<\/strong>\u201c, sostuvo el jefe de ministros el mi\u00e9rcoles, en declaraciones a Radio Urbana Play.<\/p>\n<p>Con respecto a la reuni\u00f3n de la mesa pol\u00edtica del Frente de Todos, el jefe de Gabinete indic\u00f3 que fue \u201cmuy buena\u201d y defini\u00f3 tres temas b\u00e1sicos: \u201c<strong>la unidad, la proscripci\u00f3n de cristina, el mantenimiento de las PASO y reconocimiento de los logros de la gesti\u00f3n<\/strong>\u201c.<\/p>\n<p>Adem\u00e1s, agreg\u00f3 que el pedido de la creaci\u00f3n de una comisi\u00f3n tiene la <strong>intenci\u00f3n de mostrar un \u201ccontundente reconocimiento del ensa\u00f1amiento que se tiene contra la Vicepresidenta\u201d<\/strong> en relaci\u00f3n a su situaci\u00f3n judicial. <strong>(VW)<\/strong><\/p>\n<p>&nbsp;<\/p>\n","protected":false},"excerpt":{"rendered":"<p>Ven el medio vaso lleno: El Canciller dijo que Alberto es\u00a0\u201cel mejor candidato que tiene el peronismo\u201d y el jefe de Gabinete indic\u00f3 que el Jefe de Estado est\u00e1 \u201cen condiciones y tiene derecho&#46;&#46;&#46;<\/p>\n","protected":false},"author":4,"featured_media":9666,"comment_status":"closed","ping_status":"closed","sticky":false,"template":"","format":"standard","meta":{"_monsterinsights_skip_tracking":false,"_monsterinsights_sitenote_active":false,"_monsterinsights_sitenote_note":"","_monsterinsights_sitenote_category":0,"footnotes":""},"categories":[4],"tags":[4028,4027,1156,471],"class_list":["post-9663","post","type-post","status-publish","format-standard","has-post-thumbnail","hentry","category-politica","tag-agustin-rossi","tag-alberto-fernandez-candidato","tag-apoyo","tag-cafiero"],"_links":{"self":[{"href":"https:\/\/www.visionweb.com.ar\/index.php?rest_route=\/wp\/v2\/posts\/9663","targetHints":{"allow":["GET"]}}],"collection":[{"href":"https:\/\/www.visionweb.com.ar\/index.php?rest_route=\/wp\/v2\/posts"}],"about":[{"href":"https:\/\/www.visionweb.com.ar\/index.php?rest_route=\/wp\/v2\/types\/post"}],"author":[{"embeddable":true,"href":"https:\/\/www.visionweb.com.ar\/index.php?rest_route=\/wp\/v2\/users\/4"}],"replies":[{"embeddable":true,"href":"https:\/\/www.visionweb.com.ar\/index.php?rest_route=%2Fwp%2Fv2%2Fcomments&post=9663"}],"version-history":[{"count":4,"href":"https:\/\/www.visionweb.com.ar\/index.php?rest_route=\/wp\/v2\/posts\/9663\/revisions"}],"predecessor-version":[{"id":9669,"href":"https:\/\/www.visionweb.com.ar\/index.php?rest_route=\/wp\/v2\/posts\/9663\/revisions\/9669"}],"wp:featuredmedia":[{"embeddable":true,"href":"https:\/\/www.visionweb.com.ar\/index.php?rest_route=\/wp\/v2\/media\/9666"}],"wp:attachment":[{"href":"https:\/\/www.visionweb.com.ar\/index.php?rest_route=%2Fwp%2Fv2%2Fmedia&parent=9663"}],"wp:term":[{"taxonomy":"category","embeddable":true,"href":"https:\/\/www.visionweb.com.ar\/index.php?rest_route=%2Fwp%2Fv2%2Fcategories&post=9663"},{"taxonomy":"post_tag","embeddable":true,"href":"https:\/\/www.visionweb.com.ar\/index.php?rest_route=%2Fwp%2Fv2%2Ftags&post=9663"}],"curies":[{"name":"wp","href":"https:\/\/api.w.org\/{rel}","templated":true}]}}