{"id":9653,"date":"2023-02-22T12:58:58","date_gmt":"2023-02-22T15:58:58","guid":{"rendered":"https:\/\/www.visionweb.com.ar\/?p=9653"},"modified":"2023-02-22T12:58:58","modified_gmt":"2023-02-22T15:58:58","slug":"bancos-sigue-en-pie-el-paro-nacional-de-la-bancaria-para-manana-jueves","status":"publish","type":"post","link":"https:\/\/www.visionweb.com.ar\/?p=9653","title":{"rendered":"Bancos: Sigue en pie el paro nacional\u00a0de la Bancaria para ma\u00f1ana jueves"},"content":{"rendered":"<p><strong><em>Ser\u00e1 por 24 horas. Lo hab\u00edan anunciado la semana pasada: Este jueves 23 no hay bancos.<\/em><\/strong><!--more--><\/p>\n<p><strong><img loading=\"lazy\" decoding=\"async\" class=\"size-medium wp-image-9655 alignleft\" src=\"https:\/\/www.visionweb.com.ar\/wp-content\/uploads\/2023\/02\/bancarios-paro2-1-300x287.jpg\" alt=\"\" width=\"300\" height=\"287\" srcset=\"https:\/\/www.visionweb.com.ar\/wp-content\/uploads\/2023\/02\/bancarios-paro2-1-300x287.jpg 300w, https:\/\/www.visionweb.com.ar\/wp-content\/uploads\/2023\/02\/bancarios-paro2-1.bmp 356w\" sizes=\"auto, (max-width: 300px) 100vw, 300px\" \/>L<\/strong>os trabajadores nucleados en la\u00a0<strong>Asociaci\u00f3n Bancaria (AB) realizar\u00e1n ma\u00f1ana un paro de actividades por 24 horas a nivel nacional<\/strong>, en reclamo de aumento de salarios y para que \u201cel sector empresario se haga cargo de parte del Impuesto a las Ganancias que hoy pagan los trabajadores\u201d del sector.<\/p>\n<p>As\u00ed, se esperaba que se revirtiera esta decisi\u00f3n pero en horas de esta ma\u00f1ana, a trav\u00e9s de sus redes sociales, la AB\u00a0<strong>ratific\u00f3 la medida de fuerza<\/strong>, y explic\u00f3 los motivos de la medida y la modalidad de la misma en todas las provincias del pa\u00eds.<\/p>\n<p>\u201cPor una recomposici\u00f3n salarial digna, por una soluci\u00f3n al absurdo impuesto a las ganancias, por nuestros derechos,\u00a0<strong>este jueves las trabajadoras y trabajadores bancarios paramos<\/strong>!!!\u201d, remarcaron desde la organizaci\u00f3n gremial bancaria.<\/p>\n<p>En ese marco, explicaron adem\u00e1s que el paro de ma\u00f1ana se desarrollar\u00e1 \u201cen todas sus modalidades, presencial y <strong>teletrabajadores, con<\/strong>\u00a0<strong>desconexi\u00f3n y sin operar<\/strong>, m\u00e1s unidos que nunca para hacer sentir nuestro justo reclamo\u201d.<\/p>\n<p>Aclararon por \u00faltimo que cada secci\u00f3n de la AB \u201cadoptar\u00e1 la particularidad que considere conveniente, con o sin movilizaci\u00f3n\u201d para la jornada de ma\u00f1ana.<\/p>\n<p>El pasado jueves, fue el propio secretario general de la Asociaci\u00f3n Bancaria Sergio Palazzo, quien anunci\u00f3 el paro previsto para ma\u00f1ana, (ver: <a href=\"https:\/\/www.visionweb.com.ar\/?p=9594\">https:\/\/www.visionweb.com.ar\/?p=9594<\/a>) luego de que fracasara la reuni\u00f3n paritaria con las entidades bancarias en dependencias del Ministerio de Trabajo. <strong>(VW)<\/strong><\/p>\n<p>&nbsp;<\/p>\n<p>&nbsp;<\/p>\n","protected":false},"excerpt":{"rendered":"<p>Ser\u00e1 por 24 horas. Lo hab\u00edan anunciado la semana pasada: Este jueves 23 no hay bancos.<\/p>\n","protected":false},"author":4,"featured_media":9655,"comment_status":"closed","ping_status":"closed","sticky":false,"template":"","format":"standard","meta":{"_monsterinsights_skip_tracking":false,"_monsterinsights_sitenote_active":false,"_monsterinsights_sitenote_note":"","_monsterinsights_sitenote_category":0,"footnotes":""},"categories":[4,5],"tags":[4024,2181,3997,3082],"class_list":["post-9653","post","type-post","status-publish","format-standard","has-post-thumbnail","hentry","category-politica","category-sociedad","tag-jueves-23-de-febrero","tag-la-bancaria","tag-paro-de-bancos","tag-sergio-palazzo"],"_links":{"self":[{"href":"https:\/\/www.visionweb.com.ar\/index.php?rest_route=\/wp\/v2\/posts\/9653","targetHints":{"allow":["GET"]}}],"collection":[{"href":"https:\/\/www.visionweb.com.ar\/index.php?rest_route=\/wp\/v2\/posts"}],"about":[{"href":"https:\/\/www.visionweb.com.ar\/index.php?rest_route=\/wp\/v2\/types\/post"}],"author":[{"embeddable":true,"href":"https:\/\/www.visionweb.com.ar\/index.php?rest_route=\/wp\/v2\/users\/4"}],"replies":[{"embeddable":true,"href":"https:\/\/www.visionweb.com.ar\/index.php?rest_route=%2Fwp%2Fv2%2Fcomments&post=9653"}],"version-history":[{"count":2,"href":"https:\/\/www.visionweb.com.ar\/index.php?rest_route=\/wp\/v2\/posts\/9653\/revisions"}],"predecessor-version":[{"id":9656,"href":"https:\/\/www.visionweb.com.ar\/index.php?rest_route=\/wp\/v2\/posts\/9653\/revisions\/9656"}],"wp:featuredmedia":[{"embeddable":true,"href":"https:\/\/www.visionweb.com.ar\/index.php?rest_route=\/wp\/v2\/media\/9655"}],"wp:attachment":[{"href":"https:\/\/www.visionweb.com.ar\/index.php?rest_route=%2Fwp%2Fv2%2Fmedia&parent=9653"}],"wp:term":[{"taxonomy":"category","embeddable":true,"href":"https:\/\/www.visionweb.com.ar\/index.php?rest_route=%2Fwp%2Fv2%2Fcategories&post=9653"},{"taxonomy":"post_tag","embeddable":true,"href":"https:\/\/www.visionweb.com.ar\/index.php?rest_route=%2Fwp%2Fv2%2Ftags&post=9653"}],"curies":[{"name":"wp","href":"https:\/\/api.w.org\/{rel}","templated":true}]}}