{"id":9644,"date":"2023-02-21T12:44:53","date_gmt":"2023-02-21T15:44:53","guid":{"rendered":"https:\/\/www.visionweb.com.ar\/?p=9644"},"modified":"2023-02-21T12:44:53","modified_gmt":"2023-02-21T15:44:53","slug":"este-martes-habra-restricciones-de-transito-en-rutas-y-autopistas","status":"publish","type":"post","link":"https:\/\/www.visionweb.com.ar\/?p=9644","title":{"rendered":"Este martes habr\u00e1 restricciones de tr\u00e1nsito en rutas y autopistas"},"content":{"rendered":"<p><strong><em>Para procurar mejor circulaci\u00f3n en el regreso, por el fin de semana largo de carnavales.<\/em><\/strong><!--more--><\/p>\n<p><strong><img loading=\"lazy\" decoding=\"async\" class=\"size-medium wp-image-9646 alignright\" src=\"https:\/\/www.visionweb.com.ar\/wp-content\/uploads\/2023\/02\/restricciones-por-recambio-turistico-300x190.jpg\" alt=\"\" width=\"300\" height=\"190\" srcset=\"https:\/\/www.visionweb.com.ar\/wp-content\/uploads\/2023\/02\/restricciones-por-recambio-turistico-300x190.jpg 300w, https:\/\/www.visionweb.com.ar\/wp-content\/uploads\/2023\/02\/restricciones-por-recambio-turistico.bmp 524w\" sizes=\"auto, (max-width: 300px) 100vw, 300px\" \/>E<\/strong>ste martes<strong>\u00a0<\/strong><strong>regir\u00e1 otra restricci\u00f3n de circulaci\u00f3n de camiones de gran porte a partir de las 14<\/strong><strong>\u00a0<\/strong>y hasta la medianoche con sentido a la Ciudad Aut\u00f3noma de Buenos Aires (CABA), conforme indic\u00f3 hoy la <strong>Direcci\u00f3n de Vialidad bonaerense<\/strong>.<\/p>\n<p>Por estas medidas<strong> no podr\u00e1n circular<\/strong><strong>\u00a0<\/strong>camiones con carga superior a las 7 toneladas en la Autov\u00eda 2, en las rutas provinciales 11, 36, 56, 63 y 74, como as\u00ed tambi\u00e9n en la Autopista Buenos Aires-La Plata, con el objetivo de agilizar el desplazamiento vehicular y prevenir siniestros de tr\u00e1nsito.<\/p>\n<p>Seg\u00fan inform\u00f3 Aubasa (Autopistas de Buenos Aires) durante el lunes el tr\u00e1nsito se mantuvo normal y sin restricciones en ambos sentidos, aunque para este martes se espera un flujo vehicular <strong>mucho m\u00e1s intenso<\/strong>. <strong>(VW)<\/strong><\/p>\n<p>&nbsp;<\/p>\n","protected":false},"excerpt":{"rendered":"<p>Para procurar mejor circulaci\u00f3n en el regreso, por el fin de semana largo de carnavales.<\/p>\n","protected":false},"author":4,"featured_media":9646,"comment_status":"closed","ping_status":"closed","sticky":false,"template":"","format":"standard","meta":{"_monsterinsights_skip_tracking":false,"_monsterinsights_sitenote_active":false,"_monsterinsights_sitenote_note":"","_monsterinsights_sitenote_category":0,"footnotes":""},"categories":[8],"tags":[2432,4021,3794,1041,1042],"class_list":["post-9644","post","type-post","status-publish","format-standard","has-post-thumbnail","hentry","category-interes-general","tag-autopistas","tag-fin-de-semana-xxl","tag-restricciones-de-transito","tag-rutas","tag-vialidad"],"_links":{"self":[{"href":"https:\/\/www.visionweb.com.ar\/index.php?rest_route=\/wp\/v2\/posts\/9644","targetHints":{"allow":["GET"]}}],"collection":[{"href":"https:\/\/www.visionweb.com.ar\/index.php?rest_route=\/wp\/v2\/posts"}],"about":[{"href":"https:\/\/www.visionweb.com.ar\/index.php?rest_route=\/wp\/v2\/types\/post"}],"author":[{"embeddable":true,"href":"https:\/\/www.visionweb.com.ar\/index.php?rest_route=\/wp\/v2\/users\/4"}],"replies":[{"embeddable":true,"href":"https:\/\/www.visionweb.com.ar\/index.php?rest_route=%2Fwp%2Fv2%2Fcomments&post=9644"}],"version-history":[{"count":2,"href":"https:\/\/www.visionweb.com.ar\/index.php?rest_route=\/wp\/v2\/posts\/9644\/revisions"}],"predecessor-version":[{"id":9647,"href":"https:\/\/www.visionweb.com.ar\/index.php?rest_route=\/wp\/v2\/posts\/9644\/revisions\/9647"}],"wp:featuredmedia":[{"embeddable":true,"href":"https:\/\/www.visionweb.com.ar\/index.php?rest_route=\/wp\/v2\/media\/9646"}],"wp:attachment":[{"href":"https:\/\/www.visionweb.com.ar\/index.php?rest_route=%2Fwp%2Fv2%2Fmedia&parent=9644"}],"wp:term":[{"taxonomy":"category","embeddable":true,"href":"https:\/\/www.visionweb.com.ar\/index.php?rest_route=%2Fwp%2Fv2%2Fcategories&post=9644"},{"taxonomy":"post_tag","embeddable":true,"href":"https:\/\/www.visionweb.com.ar\/index.php?rest_route=%2Fwp%2Fv2%2Ftags&post=9644"}],"curies":[{"name":"wp","href":"https:\/\/api.w.org\/{rel}","templated":true}]}}